{"id":8295,"date":"2022-10-14T11:54:52","date_gmt":"2022-10-14T14:54:52","guid":{"rendered":"http:\/\/filo.unt.edu.ar\/noticias\/?p=8295"},"modified":"2022-11-09T11:59:49","modified_gmt":"2022-11-09T14:59:49","slug":"iii-foro-de-literatura-fantastica","status":"publish","type":"post","link":"https:\/\/filo.unt.edu.ar\/noticias\/2022\/10\/14\/iii-foro-de-literatura-fantastica\/","title":{"rendered":"III Foro de literatura fant\u00e1stica"},"content":{"rendered":"<p>El viernes 14 se realiz\u00f3 el III Foro de literatura fant\u00e1stica,&nbsp; organizado por la c\u00e1tedra de Literatura Extranjera II -Italiano-, a cargo de la Dra. Viviana D\u00b4Andrea.<\/p>\n<p>El encuentro se llev\u00f3 a cabo a trav\u00e9s de la plataforma UNT Virtual y comenz\u00f3 con palabras alusivas a cargo de la Dra. Ester L\u00f3pez, Secretaria del Dpto. de Letras. La Dra. D\u00b4Andrea ofreci\u00f3 unas palabras de bienvenida, luego de las cuales disertaron el Prof. Ferrozzaro de la Universidad Nacional de Rosario, la Dra. Ricarda Hirte de la Universidad de C\u00f3rdoba (Espa\u00f1a) y los profesores Huerto Heredia Zazzarini, Gabriela Rojas y Adriana Lucero de la UNT.<\/p>\n<p>En este marco, tambi\u00e9n se dict\u00f3 un seminario sobre Italo Calvino y la literatura fant\u00e1stica a cargo de la docente organizadora.<\/p>\n<div><a href=\"https:\/\/www.facebook.com\/filount\/photos\/pcb.1853676224968242\/1853638718305326\/\" target=\"_blank\" rel=\"noopener\">Ver fotos<\/a><\/div>\n","protected":false},"excerpt":{"rendered":"<p>El viernes 14 se realiz\u00f3 el III Foro de literatura fant\u00e1stica,&nbsp; organizado por la c\u00e1tedra de Literatura Extranjera II -Italiano-, a cargo de la Dra. Viviana D\u00b4Andrea. El encuentro se llev\u00f3 a cabo a trav\u00e9s de la plataforma UNT Virtual y comenz\u00f3 con palabras alusivas a cargo de la Dra. [&hellip;]<\/p>\n","protected":false},"author":3,"featured_media":8296,"comment_status":"closed","ping_status":"closed","sticky":false,"template":"","format":"standard","meta":{"footnotes":""},"categories":[8],"tags":[],"class_list":{"0":"post-8295","1":"post","2":"type-post","3":"status-publish","4":"format-standard","5":"has-post-thumbnail","6":"hentry","7":"category-eventos-academicos","9":"post-with-thumbnail","10":"post-with-thumbnail-large"},"_links":{"self":[{"href":"https:\/\/filo.unt.edu.ar\/noticias\/wp-json\/wp\/v2\/posts\/8295","targetHints":{"allow":["GET"]}}],"collection":[{"href":"https:\/\/filo.unt.edu.ar\/noticias\/wp-json\/wp\/v2\/posts"}],"about":[{"href":"https:\/\/filo.unt.edu.ar\/noticias\/wp-json\/wp\/v2\/types\/post"}],"author":[{"embeddable":true,"href":"https:\/\/filo.unt.edu.ar\/noticias\/wp-json\/wp\/v2\/users\/3"}],"replies":[{"embeddable":true,"href":"https:\/\/filo.unt.edu.ar\/noticias\/wp-json\/wp\/v2\/comments?post=8295"}],"version-history":[{"count":8,"href":"https:\/\/filo.unt.edu.ar\/noticias\/wp-json\/wp\/v2\/posts\/8295\/revisions"}],"predecessor-version":[{"id":8416,"href":"https:\/\/filo.unt.edu.ar\/noticias\/wp-json\/wp\/v2\/posts\/8295\/revisions\/8416"}],"wp:featuredmedia":[{"embeddable":true,"href":"https:\/\/filo.unt.edu.ar\/noticias\/wp-json\/wp\/v2\/media\/8296"}],"wp:attachment":[{"href":"https:\/\/filo.unt.edu.ar\/noticias\/wp-json\/wp\/v2\/media?parent=8295"}],"wp:term":[{"taxonomy":"category","embeddable":true,"href":"https:\/\/filo.unt.edu.ar\/noticias\/wp-json\/wp\/v2\/categories?post=8295"},{"taxonomy":"post_tag","embeddable":true,"href":"https:\/\/filo.unt.edu.ar\/noticias\/wp-json\/wp\/v2\/tags?post=8295"}],"curies":[{"name":"wp","href":"https:\/\/api.w.org\/{rel}","templated":true}]}}