{"id":8274,"date":"2022-10-05T12:41:09","date_gmt":"2022-10-05T15:41:09","guid":{"rendered":"http:\/\/filo.unt.edu.ar\/noticias\/?p=8274"},"modified":"2022-11-08T13:00:08","modified_gmt":"2022-11-08T16:00:08","slug":"taller-la-voz-como-herramienta-de-trabajo","status":"publish","type":"post","link":"https:\/\/filo.unt.edu.ar\/noticias\/2022\/10\/05\/taller-la-voz-como-herramienta-de-trabajo\/","title":{"rendered":"Taller \u201cLa Voz como herramienta de trabajo\u201d\u00a0"},"content":{"rendered":"<p><span style=\"font-weight: 400\">El&nbsp; mi\u00e9rcoles 5&nbsp; se realiz\u00f3 el taller \u201cLa Voz como herramienta de trabajo\u201d,&nbsp; destinado a estudiantes de Ciencias de la Comunicaci\u00f3n, docentes y p\u00fablico en general, a cargo de la Lic. en Fonoaudiolog\u00eda&nbsp; Cynthia Dreer.&nbsp;<\/span><\/p>\n<p><span style=\"font-weight: 400\">El taller fue organizado de manera articulada por las c\u00e1tedras de Comunicaci\u00f3n Radiof\u00f3nica y Comunicaci\u00f3n Alternativa (Ciencias de la Comunicaci\u00f3n), con el aval&nbsp; de la Secretar\u00eda de Extensi\u00f3n.&nbsp; El mismo&nbsp; cont\u00f3 con la participaci\u00f3n de estudiantes, docentes y p\u00fablico interesado de otras unidades acad\u00e9micas de la UNT.&nbsp;&nbsp;<\/span><\/p>\n<p><span style=\"font-weight: 400\">La presentaci\u00f3n de la actividad&nbsp; estuvo a cargo de la Lic. Eva Fontdevila, docente de las c\u00e1tedras organizadoras, quien hizo extensivo el saludo de la titular de las C\u00e1tedras, Tina Gardella y&nbsp; resalt\u00f3 la importancia de sostener&nbsp; este tipo de actividades para las y los estudiantes y docentes.&nbsp;<\/span><\/p>\n<p><span style=\"font-weight: 400\">&nbsp;La propuesta tuvo la finalidad de brindar herramientas para el uso y manejo de la voz&nbsp; en contextos educativos y de trabajo. La Lic. Dreer resalt\u00f3 la importancia de cuidar y trabajar la voz, como as\u00ed tambi\u00e9n, la necesidad de ejercitarla constantemente; incentivando buenas pr\u00e1cticas de locuci\u00f3n y corporales. <\/span>La profesional agradeci\u00f3 la participaci\u00f3n activa de los asistentes y, a la facultad, la invitaci\u00f3n y la posibilidad de poner sus conocimientos al servicio de la comunidad universitaria de FILO.<\/p>\n<p><a href=\"https:\/\/www.facebook.com\/filount\/posts\/pfbid0hstEdUxnaeDd8jDeqZfbEHh9ByAAGr5GW1SrjoUi2316TCm9TZ4e7ZR59Gjy6tBvl\" target=\"_blank\" rel=\"noopener\">Ver fotos<\/a><\/p>\n","protected":false},"excerpt":{"rendered":"<p>El&nbsp; mi\u00e9rcoles 5&nbsp; se realiz\u00f3 el taller \u201cLa Voz como herramienta de trabajo\u201d,&nbsp; destinado a estudiantes de Ciencias de la Comunicaci\u00f3n, docentes y p\u00fablico en general, a cargo de la Lic. en Fonoaudiolog\u00eda&nbsp; Cynthia Dreer.&nbsp; El taller fue organizado de manera articulada por las c\u00e1tedras de Comunicaci\u00f3n Radiof\u00f3nica y Comunicaci\u00f3n [&hellip;]<\/p>\n","protected":false},"author":3,"featured_media":8275,"comment_status":"closed","ping_status":"closed","sticky":false,"template":"","format":"standard","meta":{"footnotes":""},"categories":[8,6],"tags":[],"class_list":{"0":"post-8274","1":"post","2":"type-post","3":"status-publish","4":"format-standard","5":"has-post-thumbnail","6":"hentry","7":"category-eventos-academicos","8":"category-extension","10":"post-with-thumbnail","11":"post-with-thumbnail-large"},"_links":{"self":[{"href":"https:\/\/filo.unt.edu.ar\/noticias\/wp-json\/wp\/v2\/posts\/8274","targetHints":{"allow":["GET"]}}],"collection":[{"href":"https:\/\/filo.unt.edu.ar\/noticias\/wp-json\/wp\/v2\/posts"}],"about":[{"href":"https:\/\/filo.unt.edu.ar\/noticias\/wp-json\/wp\/v2\/types\/post"}],"author":[{"embeddable":true,"href":"https:\/\/filo.unt.edu.ar\/noticias\/wp-json\/wp\/v2\/users\/3"}],"replies":[{"embeddable":true,"href":"https:\/\/filo.unt.edu.ar\/noticias\/wp-json\/wp\/v2\/comments?post=8274"}],"version-history":[{"count":3,"href":"https:\/\/filo.unt.edu.ar\/noticias\/wp-json\/wp\/v2\/posts\/8274\/revisions"}],"predecessor-version":[{"id":8292,"href":"https:\/\/filo.unt.edu.ar\/noticias\/wp-json\/wp\/v2\/posts\/8274\/revisions\/8292"}],"wp:featuredmedia":[{"embeddable":true,"href":"https:\/\/filo.unt.edu.ar\/noticias\/wp-json\/wp\/v2\/media\/8275"}],"wp:attachment":[{"href":"https:\/\/filo.unt.edu.ar\/noticias\/wp-json\/wp\/v2\/media?parent=8274"}],"wp:term":[{"taxonomy":"category","embeddable":true,"href":"https:\/\/filo.unt.edu.ar\/noticias\/wp-json\/wp\/v2\/categories?post=8274"},{"taxonomy":"post_tag","embeddable":true,"href":"https:\/\/filo.unt.edu.ar\/noticias\/wp-json\/wp\/v2\/tags?post=8274"}],"curies":[{"name":"wp","href":"https:\/\/api.w.org\/{rel}","templated":true}]}}