{"id":8263,"date":"2022-10-24T09:56:43","date_gmt":"2022-10-24T12:56:43","guid":{"rendered":"http:\/\/filo.unt.edu.ar\/noticias\/?p=8263"},"modified":"2022-10-27T11:55:36","modified_gmt":"2022-10-27T14:55:36","slug":"taller-virtual-practicas-de-literacidad-en-lengua-extranjera","status":"publish","type":"post","link":"https:\/\/filo.unt.edu.ar\/noticias\/2022\/10\/24\/taller-virtual-practicas-de-literacidad-en-lengua-extranjera\/","title":{"rendered":"Taller Virtual &#8220;Pr\u00e1cticas de literacidad en lengua extranjera&#8221;"},"content":{"rendered":"<p style=\"font-weight: 400\">El pasado 21 de octubre se desarroll\u00f3 el Taller Virtual &#8220;Pr\u00e1cticas de literacidad en lengua extranjera&#8221;, organizado por el Proyecto PIUNT 628.<\/p>\n<p style=\"font-weight: 400\">En la apertura, el evento cont\u00f3 con la participaci\u00f3n de la Vicedecana, Prof. N\u00e9lida Sibaldi, y el Coordinador de Investigaci\u00f3n y Representante de nuestra Facultad ante SCAIT Dr. Diego Che\u00edn.<\/p>\n<p style=\"font-weight: 400\">Posteriormente, la directora del proyecto, Dra. Raquel Pastor, dict\u00f3 la conferencia\u00a0<em>Pr\u00e1cticas de literacidad: alcances y desaf\u00edos para la investigaci\u00f3n en LE<\/em>\u00a0que permiti\u00f3 contextualizar acerca de las razones que impulsaron la realizaci\u00f3n del Taller, precisar los antecedentes y fundamentos que sustentaron la presentaci\u00f3n del proyecto ante SCAIT y proponer algunas v\u00edas de exploraci\u00f3n que ofrece el concepto de literacidad en el plano digital.<\/p>\n<p style=\"font-weight: 400\">En la oportunidad, los miembros del equipo de investigaciones presentaron los trabajos realizados durante el per\u00edodo 2018-2022 abordando diferentes tem\u00e1ticas. En el transcurso del encuentro, se presentaron avances de tesis de Master (Profs. Ponce de Le\u00f3n, Cabrera y Caballero), de Trabajos Finales de Especializaci\u00f3n (Prof. Pourrieux y R\u00edos), de beca estudiantil SCAIT (Srta. Callejas), adem\u00e1s de reflexiones y experiencias did\u00e1cticas (Profs. Lanzi, Grodek, Bach, Tanoni, Gonz\u00e1lez Hern\u00e1ndez y Di Lullo). La mayor\u00eda de las exposiciones focalizaron las pr\u00e1cticas de literacidad -impresas, digitales y orales-, desde distintas miradas y marcos conceptuales, aunque con un com\u00fan denominador: el de comprender mejor lo que sucede en el aula y fundamentalmente, buscando v\u00edas de soluci\u00f3n y\/o de remediaci\u00f3n a las supuestas \u201cdificultades\u201d que manifiestan los estudiantes.<\/p>\n<p><a href=\"https:\/\/www.facebook.com\/filount\/posts\/pfbid022vS3hrWm5MotLgLYysNgZt9QpGmFAPNpYMJQ5u6wyMmDZ3rCMYNGdbnimqTNHBQ6l\" target=\"_blank\" rel=\"noopener\">Ver Fotos<\/a><\/p>\n","protected":false},"excerpt":{"rendered":"<p>El pasado 21 de octubre se desarroll\u00f3 el Taller Virtual &#8220;Pr\u00e1cticas de literacidad en lengua extranjera&#8221;, organizado por el Proyecto PIUNT 628. En la apertura, el evento cont\u00f3 con la participaci\u00f3n de la Vicedecana, Prof. N\u00e9lida Sibaldi, y el Coordinador de Investigaci\u00f3n y Representante de nuestra Facultad ante SCAIT Dr. [&hellip;]<\/p>\n","protected":false},"author":101013,"featured_media":8265,"comment_status":"closed","ping_status":"closed","sticky":false,"template":"","format":"standard","meta":{"footnotes":""},"categories":[8,6,18],"tags":[],"class_list":{"0":"post-8263","1":"post","2":"type-post","3":"status-publish","4":"format-standard","5":"has-post-thumbnail","6":"hentry","7":"category-eventos-academicos","8":"category-extension","9":"category-investigacion","11":"post-with-thumbnail","12":"post-with-thumbnail-large"},"_links":{"self":[{"href":"https:\/\/filo.unt.edu.ar\/noticias\/wp-json\/wp\/v2\/posts\/8263","targetHints":{"allow":["GET"]}}],"collection":[{"href":"https:\/\/filo.unt.edu.ar\/noticias\/wp-json\/wp\/v2\/posts"}],"about":[{"href":"https:\/\/filo.unt.edu.ar\/noticias\/wp-json\/wp\/v2\/types\/post"}],"author":[{"embeddable":true,"href":"https:\/\/filo.unt.edu.ar\/noticias\/wp-json\/wp\/v2\/users\/101013"}],"replies":[{"embeddable":true,"href":"https:\/\/filo.unt.edu.ar\/noticias\/wp-json\/wp\/v2\/comments?post=8263"}],"version-history":[{"count":3,"href":"https:\/\/filo.unt.edu.ar\/noticias\/wp-json\/wp\/v2\/posts\/8263\/revisions"}],"predecessor-version":[{"id":8364,"href":"https:\/\/filo.unt.edu.ar\/noticias\/wp-json\/wp\/v2\/posts\/8263\/revisions\/8364"}],"wp:featuredmedia":[{"embeddable":true,"href":"https:\/\/filo.unt.edu.ar\/noticias\/wp-json\/wp\/v2\/media\/8265"}],"wp:attachment":[{"href":"https:\/\/filo.unt.edu.ar\/noticias\/wp-json\/wp\/v2\/media?parent=8263"}],"wp:term":[{"taxonomy":"category","embeddable":true,"href":"https:\/\/filo.unt.edu.ar\/noticias\/wp-json\/wp\/v2\/categories?post=8263"},{"taxonomy":"post_tag","embeddable":true,"href":"https:\/\/filo.unt.edu.ar\/noticias\/wp-json\/wp\/v2\/tags?post=8263"}],"curies":[{"name":"wp","href":"https:\/\/api.w.org\/{rel}","templated":true}]}}