{"id":8204,"date":"2022-10-06T12:35:32","date_gmt":"2022-10-06T15:35:32","guid":{"rendered":"http:\/\/filo.unt.edu.ar\/noticias\/?p=8204"},"modified":"2022-11-02T19:37:31","modified_gmt":"2022-11-02T22:37:31","slug":"encuentro-sobre-la-filosofia-entrometiendose-en-nuestra-intimidad","status":"publish","type":"post","link":"https:\/\/filo.unt.edu.ar\/noticias\/2022\/10\/06\/encuentro-sobre-la-filosofia-entrometiendose-en-nuestra-intimidad\/","title":{"rendered":"Encuentro sobre &#8220;La filosof\u00eda entrometi\u00e9ndose en nuestra intimidad&#8221;"},"content":{"rendered":"<p>El jueves 6 se efectu\u00f3 el encuentro sobre &#8220;La filosof\u00eda entrometi\u00e9ndose en nuestra intimidad&#8221; organizado por la C\u00e1tedra &#8220;Taller II&#8221; de la Carrera de Filosof\u00eda y el Instituto de Estudios Antropol\u00f3gicos y Filosof\u00eda de la Religi\u00f3n.<\/p>\n<p>Durante la jornada se presentaron ensayos que permitieron escuchar las voces de la juventud y sus reflexiones respecto al significado de la filosof\u00eda, la forma en que se la concibe y su lugar en nuestra vida.<\/p>\n<p><a href=\"https:\/\/www.facebook.com\/filount\/photos\/pcb.1846651369004061\/1846649109004287\/\" target=\"_blank\" rel=\"noopener\">Ver fotos<\/a><\/p>\n","protected":false},"excerpt":{"rendered":"<p>El jueves 6 se efectu\u00f3 el encuentro sobre &#8220;La filosof\u00eda entrometi\u00e9ndose en nuestra intimidad&#8221; organizado por la C\u00e1tedra &#8220;Taller II&#8221; de la Carrera de Filosof\u00eda y el Instituto de Estudios Antropol\u00f3gicos y Filosof\u00eda de la Religi\u00f3n. Durante la jornada se presentaron ensayos que permitieron escuchar las voces de la juventud [&hellip;]<\/p>\n","protected":false},"author":3,"featured_media":8208,"comment_status":"closed","ping_status":"closed","sticky":false,"template":"","format":"standard","meta":{"footnotes":""},"categories":[8],"tags":[],"class_list":{"0":"post-8204","1":"post","2":"type-post","3":"status-publish","4":"format-standard","5":"has-post-thumbnail","6":"hentry","7":"category-eventos-academicos","9":"post-with-thumbnail","10":"post-with-thumbnail-large"},"_links":{"self":[{"href":"https:\/\/filo.unt.edu.ar\/noticias\/wp-json\/wp\/v2\/posts\/8204","targetHints":{"allow":["GET"]}}],"collection":[{"href":"https:\/\/filo.unt.edu.ar\/noticias\/wp-json\/wp\/v2\/posts"}],"about":[{"href":"https:\/\/filo.unt.edu.ar\/noticias\/wp-json\/wp\/v2\/types\/post"}],"author":[{"embeddable":true,"href":"https:\/\/filo.unt.edu.ar\/noticias\/wp-json\/wp\/v2\/users\/3"}],"replies":[{"embeddable":true,"href":"https:\/\/filo.unt.edu.ar\/noticias\/wp-json\/wp\/v2\/comments?post=8204"}],"version-history":[{"count":3,"href":"https:\/\/filo.unt.edu.ar\/noticias\/wp-json\/wp\/v2\/posts\/8204\/revisions"}],"predecessor-version":[{"id":8209,"href":"https:\/\/filo.unt.edu.ar\/noticias\/wp-json\/wp\/v2\/posts\/8204\/revisions\/8209"}],"wp:featuredmedia":[{"embeddable":true,"href":"https:\/\/filo.unt.edu.ar\/noticias\/wp-json\/wp\/v2\/media\/8208"}],"wp:attachment":[{"href":"https:\/\/filo.unt.edu.ar\/noticias\/wp-json\/wp\/v2\/media?parent=8204"}],"wp:term":[{"taxonomy":"category","embeddable":true,"href":"https:\/\/filo.unt.edu.ar\/noticias\/wp-json\/wp\/v2\/categories?post=8204"},{"taxonomy":"post_tag","embeddable":true,"href":"https:\/\/filo.unt.edu.ar\/noticias\/wp-json\/wp\/v2\/tags?post=8204"}],"curies":[{"name":"wp","href":"https:\/\/api.w.org\/{rel}","templated":true}]}}