{"id":8124,"date":"2022-09-29T12:52:00","date_gmt":"2022-09-29T15:52:00","guid":{"rendered":"http:\/\/filo.unt.edu.ar\/noticias\/?p=8124"},"modified":"2022-10-18T12:56:59","modified_gmt":"2022-10-18T15:56:59","slug":"con-coordinacion-tucumana-se-realizo-la-asamblea-anual-de-la-red-interuniversitaria-de-comunicacion-comunitaria-alternativa-y-popular","status":"publish","type":"post","link":"https:\/\/filo.unt.edu.ar\/noticias\/2022\/09\/29\/con-coordinacion-tucumana-se-realizo-la-asamblea-anual-de-la-red-interuniversitaria-de-comunicacion-comunitaria-alternativa-y-popular\/","title":{"rendered":"Con coordinaci\u00f3n tucumana, se realizo la asamblea anual de la Red Interuniversitaria de Comunicaci\u00f3n comunitaria, alternativa y popular."},"content":{"rendered":"<p>El jueves 29 de septiembre se reuni\u00f3 en la Ciudad de Buenos Aires la asamblea de la RICCAP, cuya coordinaci\u00f3n est\u00e1 a cargo de la c\u00e1tedra de Comunicaci\u00f3n Alternativa de la Facultad de Filosof\u00eda y Letras de la UNT por el periodo 2022-2023.<\/p>\n<p>Tras dos a\u00f1os de asambleas virtuales, docentes, egresados\/as y estudiantes de todos el pa\u00eds celebraron el reencuentro, producto de un trabajo sostenido durante el a\u00f1o en comisiones de trabajo. La profesora Tina Gardella, junto a los JTP Eva Fontdevila y Sebasti\u00e1n Lorenzo Pisarello gestionaron la organizaci\u00f3n previa y la din\u00e1mica de la reuni\u00f3n.<\/p>\n<p>La asamblea gir\u00f3 en torno a la reflexi\u00f3n sobre las pr\u00e1cticas&nbsp; que se llevan adelante en las universidades e institutos representados en la red.&nbsp;Con 32 participantes, la asamblea sesion\u00f3 inicialmente en plenario y luego en grupos para la profundizar el debate sobre&nbsp; siete producciones escritas&nbsp; en torno a la consigna&nbsp;<em>\u201cTensiones, innovaci\u00f3n y aprendizajes de los espacios institucionales que integran la RICCAP en la etapa de transici\u00f3n a la pospandemia: actores, territorios y pr\u00e1cticas en docencia, investigaci\u00f3n y extensi\u00f3n\u201d<\/em>.<\/p>\n<p>Se plantearon desaf\u00edos en torno a la&nbsp; articulaci\u00f3n con actores y actoras sociales del territorio, los aprendizajes producidos en&nbsp; la pandemia y las tensiones en la institucionalizaci\u00f3n de las pr\u00e1cticas.<\/p>\n<p>En la reuni\u00f3n se celebr\u00f3 la publicaci\u00f3n en la web&nbsp; de los datos del Relevamiento de medios comunitarios y populares realizado por investigadores\/as de la&nbsp; red en 2018 y 2019, primer y \u00fanico censo de radios y televisoras del sector fines de lucro de la Argentina, informaci\u00f3n clave para las pol\u00edticas p\u00fablicas del sector y la organizaci\u00f3n de las redes de medios autogestivos (disponible en https:\/\/riccap.com.ar\/mapa-de-medios\/).<\/p>\n<p>Adem\u00e1s se dio la bienvenida a dos nuevos espacios institucionales pertenecientes a las universidades nacionales de San Mart\u00edn y Jos\u00e9 C. Paz.<\/p>\n<p>La Riccap est\u00e1 integrada por c\u00e1tedras, equipos de investigaci\u00f3n, \u00e1reas de extensi\u00f3n y gesti\u00f3n de las Universidades Nacionales de Buenos Aires, La Plata, C\u00f3rdoba, Entre R\u00edos, Salta, Jujuy, Tucum\u00e1n, San Mart\u00edn, Jose C. PAZ, Avellaneda, Quilmes, San Juan y el Instituto de Tiempo Libre y Recreaci\u00f3n de CABA.<\/p>\n<p>&nbsp;<\/p>\n<p><a href=\"http:\/\/www.riccap.com.ar\/\">www.riccap.com.ar<\/a><\/p>\n","protected":false},"excerpt":{"rendered":"<p>El jueves 29 de septiembre se reuni\u00f3 en la Ciudad de Buenos Aires la asamblea de la RICCAP, cuya coordinaci\u00f3n est\u00e1 a cargo de la c\u00e1tedra de Comunicaci\u00f3n Alternativa de la Facultad de Filosof\u00eda y Letras de la UNT por el periodo 2022-2023. Tras dos a\u00f1os de asambleas virtuales, docentes, [&hellip;]<\/p>\n","protected":false},"author":101021,"featured_media":8125,"comment_status":"closed","ping_status":"closed","sticky":false,"template":"","format":"standard","meta":{"footnotes":""},"categories":[8,6],"tags":[],"class_list":{"0":"post-8124","1":"post","2":"type-post","3":"status-publish","4":"format-standard","5":"has-post-thumbnail","6":"hentry","7":"category-eventos-academicos","8":"category-extension","10":"post-with-thumbnail","11":"post-with-thumbnail-large"},"_links":{"self":[{"href":"https:\/\/filo.unt.edu.ar\/noticias\/wp-json\/wp\/v2\/posts\/8124","targetHints":{"allow":["GET"]}}],"collection":[{"href":"https:\/\/filo.unt.edu.ar\/noticias\/wp-json\/wp\/v2\/posts"}],"about":[{"href":"https:\/\/filo.unt.edu.ar\/noticias\/wp-json\/wp\/v2\/types\/post"}],"author":[{"embeddable":true,"href":"https:\/\/filo.unt.edu.ar\/noticias\/wp-json\/wp\/v2\/users\/101021"}],"replies":[{"embeddable":true,"href":"https:\/\/filo.unt.edu.ar\/noticias\/wp-json\/wp\/v2\/comments?post=8124"}],"version-history":[{"count":2,"href":"https:\/\/filo.unt.edu.ar\/noticias\/wp-json\/wp\/v2\/posts\/8124\/revisions"}],"predecessor-version":[{"id":8127,"href":"https:\/\/filo.unt.edu.ar\/noticias\/wp-json\/wp\/v2\/posts\/8124\/revisions\/8127"}],"wp:featuredmedia":[{"embeddable":true,"href":"https:\/\/filo.unt.edu.ar\/noticias\/wp-json\/wp\/v2\/media\/8125"}],"wp:attachment":[{"href":"https:\/\/filo.unt.edu.ar\/noticias\/wp-json\/wp\/v2\/media?parent=8124"}],"wp:term":[{"taxonomy":"category","embeddable":true,"href":"https:\/\/filo.unt.edu.ar\/noticias\/wp-json\/wp\/v2\/categories?post=8124"},{"taxonomy":"post_tag","embeddable":true,"href":"https:\/\/filo.unt.edu.ar\/noticias\/wp-json\/wp\/v2\/tags?post=8124"}],"curies":[{"name":"wp","href":"https:\/\/api.w.org\/{rel}","templated":true}]}}