{"id":8122,"date":"2022-09-13T10:41:00","date_gmt":"2022-09-13T13:41:00","guid":{"rendered":"http:\/\/filo.unt.edu.ar\/noticias\/?p=8122"},"modified":"2022-10-18T12:54:50","modified_gmt":"2022-10-18T15:54:50","slug":"filo-avanza-en-materia-de-educacion-ambiental","status":"publish","type":"post","link":"https:\/\/filo.unt.edu.ar\/noticias\/2022\/09\/13\/filo-avanza-en-materia-de-educacion-ambiental\/","title":{"rendered":"FILO avanza en materia de Educaci\u00f3n Ambiental"},"content":{"rendered":"<p><span style=\"font-weight: 400\">Durante el mes de septiembre, se realizaron en nuestra Facultad las Primeras Jornadas de Intercambio Ambiental tituladas &#8220;Acerc\u00e1ndonos al v\u00ednculo naturaleza-cultura. Reflexiones para una Educaci\u00f3n Ambiental Integral&#8221;,&nbsp; a cargo de la Lic. en Geograf\u00eda y docente en Rocha y Montevideo (Uruguay), Clara L\u00f3pez. Esta jornada tuvo lugar el&nbsp; 13 de septiembre.&nbsp;<\/span><\/p>\n<p><span style=\"font-weight: 400\">En esta misma direcci\u00f3n, de promover un &#8220;Filo Verde y Sostenible&#8221;,&nbsp; el 20 de septiembre se realiz\u00f3 la capacitaci\u00f3n abierta a toda la comunidad educativa: &#8220;La importancia de la transformaci\u00f3n ambiental: Filo separa&#8221;. La misma fue organizada por la Secretar\u00eda de Extensi\u00f3n -que conduce la Dra. Gabriela Gonz\u00e1lez -,&nbsp; y estuvo a cargo de docentes de la carrera de Geograf\u00eda: Ana Teresa Cusa, F\u00e1tima Gonz\u00e1lez y Pedro Ra\u00fal Valdez, y un representante del Centro de Interpretaci\u00f3n Ambiental y Ecol\u00f3gico Taf\u00ed Viejo.&nbsp;<\/span><\/p>\n<p><span style=\"font-weight: 400\">Participaron la Secretaria de Extensi\u00f3n de nuestra facultad, docentes, trabajadores no docentes y estudiantes, que vienen promoviendo una transformaci\u00f3n ambiental de forma sostenida y comprometida en nuestra comunidad universitaria.&nbsp;<\/span><\/p>\n<p><span style=\"font-weight: 400\">Por su parte la docente, Ana Teresa Cusa, que conduce el Instituto de Estudios Geogr\u00e1ficos \u201cDr. Guillermo R\u00f6hmeder\u201d, manifest\u00f3: &#8220;la tem\u00e1tica ambiental ya est\u00e1 instalada. Todos tenemos una conciencia de que algo nos molesta en el ambiente. Siempre la pregunta es \u00bfQu\u00e9 hacemos con esto? \u00bfQu\u00e9 hacen las autoridades? \u00bfQu\u00e9 parte tenemos nosotros en esto? Entonces, entre todos estamos en esta campa\u00f1a de&nbsp; ir incentivando, cambiando la conciencia para que todos sintamos que tenemos la posibilidad de hacer algo y somos un granito de arena en nuestra facultad&#8221; en relaci\u00f3n a un cambio de modelo ambiental de nuestra facultad. Para lo cual la docente convoc\u00f3 a trabajar a&nbsp; todos los actores que conforman la comunidad universitaria&nbsp; de FILO.<\/span><\/p>\n","protected":false},"excerpt":{"rendered":"<p>Durante el mes de septiembre, se realizaron en nuestra Facultad las Primeras Jornadas de Intercambio Ambiental tituladas &#8220;Acerc\u00e1ndonos al v\u00ednculo naturaleza-cultura. Reflexiones para una Educaci\u00f3n Ambiental Integral&#8221;,&nbsp; a cargo de la Lic. en Geograf\u00eda y docente en Rocha y Montevideo (Uruguay), Clara L\u00f3pez. Esta jornada tuvo lugar el&nbsp; 13 de [&hellip;]<\/p>\n","protected":false},"author":101013,"featured_media":8165,"comment_status":"closed","ping_status":"closed","sticky":false,"template":"","format":"standard","meta":{"footnotes":""},"categories":[6,12],"tags":[],"class_list":{"0":"post-8122","1":"post","2":"type-post","3":"status-publish","4":"format-standard","5":"has-post-thumbnail","6":"hentry","7":"category-extension","8":"category-gestion","10":"post-with-thumbnail","11":"post-with-thumbnail-large"},"_links":{"self":[{"href":"https:\/\/filo.unt.edu.ar\/noticias\/wp-json\/wp\/v2\/posts\/8122","targetHints":{"allow":["GET"]}}],"collection":[{"href":"https:\/\/filo.unt.edu.ar\/noticias\/wp-json\/wp\/v2\/posts"}],"about":[{"href":"https:\/\/filo.unt.edu.ar\/noticias\/wp-json\/wp\/v2\/types\/post"}],"author":[{"embeddable":true,"href":"https:\/\/filo.unt.edu.ar\/noticias\/wp-json\/wp\/v2\/users\/101013"}],"replies":[{"embeddable":true,"href":"https:\/\/filo.unt.edu.ar\/noticias\/wp-json\/wp\/v2\/comments?post=8122"}],"version-history":[{"count":4,"href":"https:\/\/filo.unt.edu.ar\/noticias\/wp-json\/wp\/v2\/posts\/8122\/revisions"}],"predecessor-version":[{"id":8233,"href":"https:\/\/filo.unt.edu.ar\/noticias\/wp-json\/wp\/v2\/posts\/8122\/revisions\/8233"}],"wp:featuredmedia":[{"embeddable":true,"href":"https:\/\/filo.unt.edu.ar\/noticias\/wp-json\/wp\/v2\/media\/8165"}],"wp:attachment":[{"href":"https:\/\/filo.unt.edu.ar\/noticias\/wp-json\/wp\/v2\/media?parent=8122"}],"wp:term":[{"taxonomy":"category","embeddable":true,"href":"https:\/\/filo.unt.edu.ar\/noticias\/wp-json\/wp\/v2\/categories?post=8122"},{"taxonomy":"post_tag","embeddable":true,"href":"https:\/\/filo.unt.edu.ar\/noticias\/wp-json\/wp\/v2\/tags?post=8122"}],"curies":[{"name":"wp","href":"https:\/\/api.w.org\/{rel}","templated":true}]}}