{"id":8118,"date":"2022-09-20T10:36:00","date_gmt":"2022-09-20T13:36:00","guid":{"rendered":"http:\/\/filo.unt.edu.ar\/noticias\/?p=8118"},"modified":"2022-10-18T12:57:30","modified_gmt":"2022-10-18T15:57:30","slug":"estudiantes-de-filo-protagonizaron-espacios-de-formacion-y-debate","status":"publish","type":"post","link":"https:\/\/filo.unt.edu.ar\/noticias\/2022\/09\/20\/estudiantes-de-filo-protagonizaron-espacios-de-formacion-y-debate\/","title":{"rendered":"Estudiantes de  FILO protagonizaron  espacios de formaci\u00f3n y debate"},"content":{"rendered":"<p><span style=\"font-weight: 400\">La semana Cultural de la Facultad<\/span><span style=\"font-weight: 400\"> de Filosof\u00eda y Letras, fue el escenario propicio para la realizaci\u00f3n de heterog\u00e9neas actividades acad\u00e9micas y art\u00edsticas. Entre ellas, se destacan la realizaci\u00f3n de Encuentros y Jornadas que congregaron a estudiantes, en torno a la construcci\u00f3n de nuevos conocimientos y resignificaci\u00f3n de sus objetos de estudios.&nbsp;<\/span><\/p>\n<p><b>Encuentro Provincial de Estudiantes de Letras &#8211; EPEL 2022 <\/b><\/p>\n<p><span style=\"font-weight: 400\">Los d\u00edas 19 y 20 de septiembre, se realiz\u00f3 el Primer Encuentro Provincial de Estudiantes de Letras, destinado a estudiantes de Profesorado y Licenciatura en Letras de nuestra unidad acad\u00e9mica y del medio.&nbsp;<\/span><\/p>\n<p><span style=\"font-weight: 400\">La propuesta surge de la necesidad de fortalecer y sostener los espacios de construcci\u00f3n e intercambio acad\u00e9mico, entre las y los estudiantes de Letras en torno a tem\u00e1ticas de inter\u00e9s para su campo disciplinar. De esta forma, a lo largo de dos jornadas consecutivas, se vivenciaron exposiciones, talleres y mesas paneles, acaparando la atenci\u00f3n de las y los asistentes con tem\u00e1ticas vinculadas a literatura, ling\u00fc\u00edstica, estudios cl\u00e1sicos y propuestas pedag\u00f3gicas para el aula.&nbsp;&nbsp;<\/span><\/p>\n<p><span style=\"font-weight: 400\">A modo de balance, en el cierre del encuentro, el grupo organizador manifest\u00f3 a los estudiantes participantes, en sus redes de contacto: &#8220;les agradecemos profundamente por todo lo que nos dieron en este encuentro. Por tan buena predisposici\u00f3n y por su inter\u00e9s&nbsp; para este espacio que reci\u00e9n est\u00e1 empezando&#8221;; dejando abierta la puerta para la realizaci\u00f3n de un segundo EPEL<\/span><b>.<\/b><\/p>\n<p><b>Jornada de Trabajo Social&nbsp;<\/b><\/p>\n<p><span style=\"font-weight: 400\">El Departamento de la Carrera de Trabajo Social realiz\u00f3 una jornada de socializaci\u00f3n acad\u00e9mica para poner en valor las producciones, ponencias y narrativas presentadas en el &#8220;Encuentro Nacional de la Federaci\u00f3n Argentina de Unidades Acad\u00e9micas de Trabajo Social&#8221; por estudiantes y docentes de nuestra Casa de Estudios.&nbsp;<\/span><\/p>\n<p><span style=\"font-weight: 400\">Participaron de las actividades estudiantes, docentes e integrantes del equipo de gesti\u00f3n de nuestra Facultad, entre ellas la Secretaria de Coordinaci\u00f3n y Fortalecimiento del Grado, Graciela Yacuzzi, y la Secretaria de Extensi\u00f3n, Gabriela Gonz\u00e1lez.<\/span><\/p>\n","protected":false},"excerpt":{"rendered":"<p>La semana Cultural de la Facultad de Filosof\u00eda y Letras, fue el escenario propicio para la realizaci\u00f3n de heterog\u00e9neas actividades acad\u00e9micas y art\u00edsticas. Entre ellas, se destacan la realizaci\u00f3n de Encuentros y Jornadas que congregaron a estudiantes, en torno a la construcci\u00f3n de nuevos conocimientos y resignificaci\u00f3n de sus objetos [&hellip;]<\/p>\n","protected":false},"author":101013,"featured_media":8168,"comment_status":"closed","ping_status":"closed","sticky":false,"template":"","format":"standard","meta":{"footnotes":""},"categories":[8,13],"tags":[],"class_list":{"0":"post-8118","1":"post","2":"type-post","3":"status-publish","4":"format-standard","5":"has-post-thumbnail","6":"hentry","7":"category-eventos-academicos","8":"category-semana-cultural","10":"post-with-thumbnail","11":"post-with-thumbnail-large"},"_links":{"self":[{"href":"https:\/\/filo.unt.edu.ar\/noticias\/wp-json\/wp\/v2\/posts\/8118","targetHints":{"allow":["GET"]}}],"collection":[{"href":"https:\/\/filo.unt.edu.ar\/noticias\/wp-json\/wp\/v2\/posts"}],"about":[{"href":"https:\/\/filo.unt.edu.ar\/noticias\/wp-json\/wp\/v2\/types\/post"}],"author":[{"embeddable":true,"href":"https:\/\/filo.unt.edu.ar\/noticias\/wp-json\/wp\/v2\/users\/101013"}],"replies":[{"embeddable":true,"href":"https:\/\/filo.unt.edu.ar\/noticias\/wp-json\/wp\/v2\/comments?post=8118"}],"version-history":[{"count":2,"href":"https:\/\/filo.unt.edu.ar\/noticias\/wp-json\/wp\/v2\/posts\/8118\/revisions"}],"predecessor-version":[{"id":8169,"href":"https:\/\/filo.unt.edu.ar\/noticias\/wp-json\/wp\/v2\/posts\/8118\/revisions\/8169"}],"wp:featuredmedia":[{"embeddable":true,"href":"https:\/\/filo.unt.edu.ar\/noticias\/wp-json\/wp\/v2\/media\/8168"}],"wp:attachment":[{"href":"https:\/\/filo.unt.edu.ar\/noticias\/wp-json\/wp\/v2\/media?parent=8118"}],"wp:term":[{"taxonomy":"category","embeddable":true,"href":"https:\/\/filo.unt.edu.ar\/noticias\/wp-json\/wp\/v2\/categories?post=8118"},{"taxonomy":"post_tag","embeddable":true,"href":"https:\/\/filo.unt.edu.ar\/noticias\/wp-json\/wp\/v2\/tags?post=8118"}],"curies":[{"name":"wp","href":"https:\/\/api.w.org\/{rel}","templated":true}]}}