{"id":8057,"date":"2022-09-09T13:34:00","date_gmt":"2022-09-09T16:34:00","guid":{"rendered":"http:\/\/filo.unt.edu.ar\/noticias\/?p=8057"},"modified":"2022-10-18T12:51:30","modified_gmt":"2022-10-18T15:51:30","slug":"se-entregaron-mas-de-70-titulos-en-una-mega-colacion-de-grado","status":"publish","type":"post","link":"https:\/\/filo.unt.edu.ar\/noticias\/2022\/09\/09\/se-entregaron-mas-de-70-titulos-en-una-mega-colacion-de-grado\/","title":{"rendered":"Se entregaron m\u00e1s de 70 t\u00edtulos en una Mega Colaci\u00f3n de grado"},"content":{"rendered":"<p><span style=\"font-weight: 400\">El 9 de septiembre, en el Anfiteatro Olga Doz de Plaza de la Facultad de Psicolog\u00eda, se realiz\u00f3 una nueva Colaci\u00f3n de Grado de la Facultad de Filosof\u00eda y Letras en la que se entregaron 73 t\u00edtulos a profesores\/as, licenciados\/as y t\u00e9cnicos\/as.<\/span><b>&nbsp;<\/b><\/p>\n<p><span style=\"font-weight: 400\">La ceremonia fue precedida por la vicerrectora de la Universidad Nacional de Tucum\u00e1n, Dra. Mercedes Leal, el decano de FILO, Prof. Sergio Rob\u00edn, la vicedecana, Mg. N\u00e9lida Sibaldi, la secretaria acad\u00e9mica, Prof. Josefina Lanzi, y la secretaria de Coordinaci\u00f3n y Fortalecimiento del Grado, Lic. Graciela Yacuzzi.&nbsp;<\/span><\/p>\n<p><span style=\"font-weight: 400\">En primer lugar, el decano de FILO agradeci\u00f3 la presencia de la vicerrectora de la UNT, integrantes del equipo de gesti\u00f3n de FILO, compa\u00f1eros y compa\u00f1eras no docentes, colegas, estudiantes y familias, expresando: \u201ccon enorme orgullo los abrazo y les doy la bienvenida a esta celebraci\u00f3n, ya que constituye una victoria m\u00e1s de nuestra querida Universidad P\u00fablica\u201d.&nbsp;<\/span><\/p>\n<p><span style=\"font-weight: 400\">En tanto, Rob\u00edn felicit\u00f3 a las y los egresados, y los interpel\u00f3 en su rol de universitarios egresados de la UNT en una <\/span><b>r<\/b><span style=\"font-weight: 400\">ealidad social a nivel local, nacional y mundial de suma complejidad: \u201cel odio, la violencia y la intolerancia se est\u00e1n volviendo moneda corriente entre nosotros. Eso constituye una amenaza a nuestras tradicionales formas de convivencia, que anteriormente hicieron de nuestro pa\u00eds un ejemplo de integraci\u00f3n social. En ese marco es que ciframos nuestra esperanza en que puedan aportar una mirada human\u00edstica de la vida\u201d. En este sentido, profundiz\u00f3: \u201cconfiamos en que ser\u00e1n capaces de intervenir aportando un tono m\u00e1s humano a las relaciones, a las instituciones y a las propias personas con quienes se vinculen desde sus \u00e1mbitos profesionales\u201d en pos de garantizar una sociedad m\u00e1s justa e igualitaria.&nbsp;<\/span><\/p>\n<p><span style=\"font-weight: 400\">En consonancia, Mercedes Leal expres\u00f3 que \u201clas colaciones de grado son motivo de orgullo y representan un triunfo de la Universidad P\u00fablica\u201d.&nbsp;<\/span><\/p>\n","protected":false},"excerpt":{"rendered":"<p>El 9 de septiembre, en el Anfiteatro Olga Doz de Plaza de la Facultad de Psicolog\u00eda, se realiz\u00f3 una nueva Colaci\u00f3n de Grado de la Facultad de Filosof\u00eda y Letras en la que se entregaron 73 t\u00edtulos a profesores\/as, licenciados\/as y t\u00e9cnicos\/as.&nbsp; La ceremonia fue precedida por la vicerrectora de [&hellip;]<\/p>\n","protected":false},"author":101021,"featured_media":8148,"comment_status":"closed","ping_status":"closed","sticky":false,"template":"","format":"standard","meta":{"footnotes":""},"categories":[14,8,12],"tags":[],"class_list":{"0":"post-8057","1":"post","2":"type-post","3":"status-publish","4":"format-standard","5":"has-post-thumbnail","6":"hentry","7":"category-destacadas","8":"category-eventos-academicos","9":"category-gestion","11":"post-with-thumbnail","12":"post-with-thumbnail-large"},"_links":{"self":[{"href":"https:\/\/filo.unt.edu.ar\/noticias\/wp-json\/wp\/v2\/posts\/8057","targetHints":{"allow":["GET"]}}],"collection":[{"href":"https:\/\/filo.unt.edu.ar\/noticias\/wp-json\/wp\/v2\/posts"}],"about":[{"href":"https:\/\/filo.unt.edu.ar\/noticias\/wp-json\/wp\/v2\/types\/post"}],"author":[{"embeddable":true,"href":"https:\/\/filo.unt.edu.ar\/noticias\/wp-json\/wp\/v2\/users\/101021"}],"replies":[{"embeddable":true,"href":"https:\/\/filo.unt.edu.ar\/noticias\/wp-json\/wp\/v2\/comments?post=8057"}],"version-history":[{"count":3,"href":"https:\/\/filo.unt.edu.ar\/noticias\/wp-json\/wp\/v2\/posts\/8057\/revisions"}],"predecessor-version":[{"id":8149,"href":"https:\/\/filo.unt.edu.ar\/noticias\/wp-json\/wp\/v2\/posts\/8057\/revisions\/8149"}],"wp:featuredmedia":[{"embeddable":true,"href":"https:\/\/filo.unt.edu.ar\/noticias\/wp-json\/wp\/v2\/media\/8148"}],"wp:attachment":[{"href":"https:\/\/filo.unt.edu.ar\/noticias\/wp-json\/wp\/v2\/media?parent=8057"}],"wp:term":[{"taxonomy":"category","embeddable":true,"href":"https:\/\/filo.unt.edu.ar\/noticias\/wp-json\/wp\/v2\/categories?post=8057"},{"taxonomy":"post_tag","embeddable":true,"href":"https:\/\/filo.unt.edu.ar\/noticias\/wp-json\/wp\/v2\/tags?post=8057"}],"curies":[{"name":"wp","href":"https:\/\/api.w.org\/{rel}","templated":true}]}}