{"id":7830,"date":"2022-06-02T18:46:00","date_gmt":"2022-06-02T21:46:00","guid":{"rendered":"http:\/\/filo.unt.edu.ar\/noticias\/?p=7830"},"modified":"2022-07-07T10:43:42","modified_gmt":"2022-07-07T13:43:42","slug":"tercer-cafe-literario-y-cultural-del-virla","status":"publish","type":"post","link":"https:\/\/filo.unt.edu.ar\/noticias\/2022\/06\/02\/tercer-cafe-literario-y-cultural-del-virla\/","title":{"rendered":"Tercer Caf\u00e9 Literario y Cultural del Virla"},"content":{"rendered":"<p>El S\u00e1bado 25 de junio, en el centro Cultural Virla, se llev\u00f3 a cabo un encuentro m\u00e1s del Caf\u00e9 Literario Como bajo la coordinaci\u00f3n de Guillermo Siles.<\/p>\n<p>En esta oportunidad participaron con lecturas&nbsp;Mar\u00eda del Carmen Pil\u00e1n, Sylvina Bach, Beto El\u00edas, Ricardo Gandolfo.<\/p>\n<p>Luego, el coordinador del ciclo <strong>Guillermo Siles<\/strong>, dio paso a la presentaci\u00f3n de libros. Fue el turno de la joven&nbsp;<strong>Ruth Contreras<\/strong>, con su obra po\u00e9tica&nbsp;<em>\u201cSillage\u201d<\/em>, que cont\u00f3 con las palabras introductorias de <strong>Zaida Kassab<\/strong>.<\/p>\n<p>Finalmente, en el tercer bloque, Siles present\u00f3 al poeta salte\u00f1o&nbsp;<strong>Eduardo Robino<\/strong>, con su libro \u201cHubo un alud nuevamente en el Valle\u201d. Sus presentadores,&nbsp;<strong>Sebasti\u00e1n Nofal<\/strong>&nbsp;y&nbsp;<strong>Ricardo Gandolfo<\/strong> destacaron la producci\u00f3n po\u00e9tica de Robino y le cedieron la&nbsp; palabra.<\/p>\n<p><a href=\"https:\/\/www.facebook.com\/filount\/posts\/pfbid024xruLuxGP3XQrnsHv9vA5GvVCz54sgMusiSo6XJ4kZpvgrMxBimw6wPQS2vY2r6Pl\" target=\"_blank\" rel=\"noopener\">VER FOTOS.-<\/a><\/p>\n","protected":false},"excerpt":{"rendered":"<p>El S\u00e1bado 25 de junio, en el centro Cultural Virla, se llev\u00f3 a cabo un encuentro m\u00e1s del Caf\u00e9 Literario Como bajo la coordinaci\u00f3n de Guillermo Siles. En esta oportunidad participaron con lecturas&nbsp;Mar\u00eda del Carmen Pil\u00e1n, Sylvina Bach, Beto El\u00edas, Ricardo Gandolfo. Luego, el coordinador del ciclo Guillermo Siles, dio [&hellip;]<\/p>\n","protected":false},"author":1,"featured_media":7831,"comment_status":"closed","ping_status":"closed","sticky":false,"template":"","format":"standard","meta":{"footnotes":""},"categories":[21,8],"tags":[],"class_list":{"0":"post-7830","1":"post","2":"type-post","3":"status-publish","4":"format-standard","5":"has-post-thumbnail","6":"hentry","7":"category-cafe-literario","8":"category-eventos-academicos","10":"post-with-thumbnail","11":"post-with-thumbnail-large"},"_links":{"self":[{"href":"https:\/\/filo.unt.edu.ar\/noticias\/wp-json\/wp\/v2\/posts\/7830","targetHints":{"allow":["GET"]}}],"collection":[{"href":"https:\/\/filo.unt.edu.ar\/noticias\/wp-json\/wp\/v2\/posts"}],"about":[{"href":"https:\/\/filo.unt.edu.ar\/noticias\/wp-json\/wp\/v2\/types\/post"}],"author":[{"embeddable":true,"href":"https:\/\/filo.unt.edu.ar\/noticias\/wp-json\/wp\/v2\/users\/1"}],"replies":[{"embeddable":true,"href":"https:\/\/filo.unt.edu.ar\/noticias\/wp-json\/wp\/v2\/comments?post=7830"}],"version-history":[{"count":3,"href":"https:\/\/filo.unt.edu.ar\/noticias\/wp-json\/wp\/v2\/posts\/7830\/revisions"}],"predecessor-version":[{"id":7850,"href":"https:\/\/filo.unt.edu.ar\/noticias\/wp-json\/wp\/v2\/posts\/7830\/revisions\/7850"}],"wp:featuredmedia":[{"embeddable":true,"href":"https:\/\/filo.unt.edu.ar\/noticias\/wp-json\/wp\/v2\/media\/7831"}],"wp:attachment":[{"href":"https:\/\/filo.unt.edu.ar\/noticias\/wp-json\/wp\/v2\/media?parent=7830"}],"wp:term":[{"taxonomy":"category","embeddable":true,"href":"https:\/\/filo.unt.edu.ar\/noticias\/wp-json\/wp\/v2\/categories?post=7830"},{"taxonomy":"post_tag","embeddable":true,"href":"https:\/\/filo.unt.edu.ar\/noticias\/wp-json\/wp\/v2\/tags?post=7830"}],"curies":[{"name":"wp","href":"https:\/\/api.w.org\/{rel}","templated":true}]}}