{"id":7748,"date":"2022-05-26T10:20:00","date_gmt":"2022-05-26T13:20:00","guid":{"rendered":"http:\/\/filo.unt.edu.ar\/noticias\/?p=7748"},"modified":"2022-06-06T11:33:04","modified_gmt":"2022-06-06T14:33:04","slug":"el-sello-editorial-humanitas-en-el-mayo-de-las-letras","status":"publish","type":"post","link":"https:\/\/filo.unt.edu.ar\/noticias\/2022\/05\/26\/el-sello-editorial-humanitas-en-el-mayo-de-las-letras\/","title":{"rendered":"El sello editorial Humanitas en el Mayo de las Letras"},"content":{"rendered":"<p>El 26 de mayo, el sello editorial Humanitas particip\u00f3 de la 18\u00b0 edici\u00f3n del Mayo de las Letras organizado por el Ente Cultural de Tucum\u00e1n en Plaza Urquiza.<\/p>\n<p>Participaron de una mesa panel el decano de Filo, Prof. Sergio Robin y\u00a0 Dra. Elena Acevedo de Bomba, directora del Departamento de Publicaciones de nuestra facultad, junto a Daniel Ferullo, la Dra. Maria Eugenia Bestani, la Dra. Valeria Mozzoni, la Prof. Sonia Saracho, la Dra. Mar\u00eda Graciela Castro y la Dra. Soledad Martinez Zuccardi.<\/p>\n<p>Robin se refiri\u00f3\u00a0 al sostenido trabajo que se lleva adelante desde el Sello Editorial Humitas en pos de propiciar la construcci\u00f3n del conocimiento desde la Universidad p\u00fablica. En este sentido, tambi\u00e9n se explay\u00f3 en torno al libro &#8220;Educaci\u00f3n y pol\u00edtica&#8221;,\u00a0 una de las \u00faltimas producciones editadas por Humanitas c\u00f3mo resultado del &#8220;Congreso de Educaci\u00f3n y Pol\u00edtica&#8221;, que tuvo\u00a0 como anfitriona a nuestra facultad los d\u00edas 5, 6 ,7 de junio de 2019, en el marco de los 80 a\u00f1os de su creaci\u00f3n.<\/p>\n<p>Por su parte, la Dra. Acevedo de Bomba expres\u00f3 que &#8220;Humanitas ha tenido su espacio en el Mayo de las Letras, el cual se ha abordado de forma colaborativa y en equipo&#8221;.<\/p>\n<p>A su vez, la Dra. Maria Graciela Castro resalt\u00f3 la importancia acad\u00e9mica de la edici\u00f3n de la Serie Tesis que re\u00fane las tesis de posgrado de nuestra casa y\u00a0 la Serie Letra y \u00a0voz\u00a0 a trav\u00e9s de la cual se ha propuesto acercar la literatura a la comunidad tucumana.<\/p>\n<p>Asimismo, la Dra. Soledad Mart\u00ednez Zuccardi, describi\u00f3 el recorrido llevado adelante desde el proceso creativo hasta la publicaci\u00f3n de &#8220;La Carpa. Edici\u00f3n Facsimilar&#8221;. De igual manera se refiri\u00f3 a &#8220;La antolog\u00eda de poetas de Tucum\u00e1n (1960-1990)&#8221;, publicada en codirecci\u00f3n con el Dr. Guillermo Siles.<\/p>\n<p>A continuaci\u00f3n,\u00a0 Prof. Sonia Saracho profundiz\u00f3 en torno al aporte y la contribuci\u00f3n de las\u00a0 Revistas Humanitas y destac\u00f3 la importancia del \u00faltimo n\u00famero en la cual se aborda la tem\u00e1tica del covid y la relaci\u00f3n con el contexto mundial y la educaci\u00f3n.<\/p>\n<p>Por \u00faltimo, Dra. Valeria Muzzoni enfatiz\u00f3 el valor de la democratizaci\u00f3n en el acceso a las publicaciones digitales de Humanitas, las cuales pueden ser descargadas de forma libre y gratuita en la p\u00e1gina web de la facultad. A lo que Acevedo agreg\u00f3 &#8220;en Humanitas tenemos el lema de acercar la palabra, el libro y democratizar la lectura&#8221;.<\/p>\n<blockquote class=\"wp-embedded-content\" data-secret=\"RRS9lvrJXE\"><p><a href=\"http:\/\/filo.unt.edu.ar\/descargas-gratis\/\">Descargas gratis<\/a><\/p><\/blockquote>\n<p><iframe loading=\"lazy\" class=\"wp-embedded-content\" sandbox=\"allow-scripts\" security=\"restricted\" style=\"position: absolute; clip: rect(1px, 1px, 1px, 1px);\" title=\"&#8220;Descargas gratis&#8221; &#8212; Facultad de Filosof\u00eda y Letras Universidad Nacional de Tucum\u00e1n\" src=\"http:\/\/filo.unt.edu.ar\/descargas-gratis\/embed\/#?secret=RRS9lvrJXE\" data-secret=\"RRS9lvrJXE\" width=\"600\" height=\"338\" frameborder=\"0\" marginwidth=\"0\" marginheight=\"0\" scrolling=\"no\"><\/iframe><\/p>\n","protected":false},"excerpt":{"rendered":"<p>El 26 de mayo, el sello editorial Humanitas particip\u00f3 de la 18\u00b0 edici\u00f3n del Mayo de las Letras organizado por el Ente Cultural de Tucum\u00e1n en Plaza Urquiza. Participaron de una mesa panel el decano de Filo, Prof. Sergio Robin y\u00a0 Dra. Elena Acevedo de Bomba, directora del Departamento de [&hellip;]<\/p>\n","protected":false},"author":101021,"featured_media":7749,"comment_status":"closed","ping_status":"closed","sticky":false,"template":"","format":"standard","meta":{"footnotes":""},"categories":[19,8],"tags":[],"class_list":{"0":"post-7748","1":"post","2":"type-post","3":"status-publish","4":"format-standard","5":"has-post-thumbnail","6":"hentry","7":"category-departamentos","8":"category-eventos-academicos","10":"post-with-thumbnail","11":"post-with-thumbnail-large"},"_links":{"self":[{"href":"https:\/\/filo.unt.edu.ar\/noticias\/wp-json\/wp\/v2\/posts\/7748","targetHints":{"allow":["GET"]}}],"collection":[{"href":"https:\/\/filo.unt.edu.ar\/noticias\/wp-json\/wp\/v2\/posts"}],"about":[{"href":"https:\/\/filo.unt.edu.ar\/noticias\/wp-json\/wp\/v2\/types\/post"}],"author":[{"embeddable":true,"href":"https:\/\/filo.unt.edu.ar\/noticias\/wp-json\/wp\/v2\/users\/101021"}],"replies":[{"embeddable":true,"href":"https:\/\/filo.unt.edu.ar\/noticias\/wp-json\/wp\/v2\/comments?post=7748"}],"version-history":[{"count":4,"href":"https:\/\/filo.unt.edu.ar\/noticias\/wp-json\/wp\/v2\/posts\/7748\/revisions"}],"predecessor-version":[{"id":7769,"href":"https:\/\/filo.unt.edu.ar\/noticias\/wp-json\/wp\/v2\/posts\/7748\/revisions\/7769"}],"wp:featuredmedia":[{"embeddable":true,"href":"https:\/\/filo.unt.edu.ar\/noticias\/wp-json\/wp\/v2\/media\/7749"}],"wp:attachment":[{"href":"https:\/\/filo.unt.edu.ar\/noticias\/wp-json\/wp\/v2\/media?parent=7748"}],"wp:term":[{"taxonomy":"category","embeddable":true,"href":"https:\/\/filo.unt.edu.ar\/noticias\/wp-json\/wp\/v2\/categories?post=7748"},{"taxonomy":"post_tag","embeddable":true,"href":"https:\/\/filo.unt.edu.ar\/noticias\/wp-json\/wp\/v2\/tags?post=7748"}],"curies":[{"name":"wp","href":"https:\/\/api.w.org\/{rel}","templated":true}]}}