{"id":7650,"date":"2022-05-02T07:09:58","date_gmt":"2022-05-02T10:09:58","guid":{"rendered":"http:\/\/filo.unt.edu.ar\/noticias\/?p=7650"},"modified":"2022-05-02T07:11:04","modified_gmt":"2022-05-02T10:11:04","slug":"en-presencialidad-volvio-el-cafe-literario-del-virla-temporado-2022","status":"publish","type":"post","link":"https:\/\/filo.unt.edu.ar\/noticias\/2022\/05\/02\/en-presencialidad-volvio-el-cafe-literario-del-virla-temporado-2022\/","title":{"rendered":"En presencialidad volvi\u00f3 el Caf\u00e9 Literario del Virla temporada 2022"},"content":{"rendered":"<p><span style=\"font-weight: 400\">El&nbsp; s\u00e1bado 23 de abril, , coordinado por el <b>Dr. Guillermo Siles, <\/b>se realiz\u00f3 la primera edici\u00f3n 2022 del&nbsp; \u201cCaf\u00e9 Literario del Virla\u201d en el Centro Cultural Eugenio Flavio Virla. <\/span><span style=\"font-weight: 400\">En esta oportunidad participaron leyendo sus producciones: <\/span><b>Paulina Mart\u00edn, Leticia Albarrac\u00edn, Pablo Romero y&nbsp; Ricardo Bocos.<\/b><\/p>\n<p><span style=\"font-weight: 400\">Despu\u00e9s de dos a\u00f1os de encuentro virtuales sostenidos durante la pandemia de covid 19 el Dr. Siles esbozo los inicios del Caf\u00e9 Literario en 2014 y su recorrido hasta hoy: &#8220;Todos los encuentros&nbsp; han sido muy productivos, hemos podido editar una antolog\u00eda que fue editada por la Editorial Humanitas de Facultad de Filosof\u00eda y Letras que se llama Poetas de Tucum\u00e1n. Y en ese sentido, es una manera de mostrar las lecturas que se hicieron, las participaciones de los poetas de Tucum\u00e1n en este espacio&#8221;&nbsp;<\/span><\/p>\n<p><span style=\"font-weight: 400\">En la apertura, Siles destac\u00f3: &#8220;Quiero agradecer especialmente a quienes est\u00e1n aqu\u00ed y tambi\u00e9n a las autoridades de la Universidad Nacional de Tucum\u00e1n: principalmente a la Secretar\u00eda de Extensi\u00f3n y a su secretario, Marcelo Mirkin, y al Director del Virla, Iv\u00e1n Alarc\u00f3n. Tambi\u00e9n a las autoridades de la Facultad de Filosof\u00eda y Letras, que siempre hacen posible, a trav\u00e9s de la gesti\u00f3n para que est\u00e9 Caf\u00e9 pueda llevarse a cabo&#8221;.&nbsp;<\/span><\/p>\n<p><span style=\"font-weight: 400\">Asimismo, Siles record\u00f3 el D\u00eda del Libro y del Idioma puso en valor al&nbsp; Caf\u00e9 Literario subrayando que este es&nbsp; &#8220;un rinconcito luminoso para todos, todas, todes , que exalta la belleza y la bondad a trav\u00e9s de la poes\u00eda&#8221;.<\/span><\/p>\n<p><span style=\"font-weight: 400\">Este primer encuentro de la temporada 2022 del Caf\u00e9 cont\u00f3 con la presencia de&nbsp; <\/span><b>Franco Rivero<\/b><span style=\"font-weight: 400\"> &#8211; escritor, editor, asesor editorial, corrector de estilo y docente universitario &#8211; como invitado especial, que viaj\u00f3 desde la provincia de Corrientes.<\/span><\/p>\n<p>&nbsp;<\/p>\n<p><a href=\"https:\/\/www.facebook.com\/filount\/posts\/1722529708082895\" target=\"_blank\" rel=\"noopener\">VER FOTOS.-<\/a><\/p>\n","protected":false},"excerpt":{"rendered":"<p>El&nbsp; s\u00e1bado 23 de abril, , coordinado por el Dr. Guillermo Siles, se realiz\u00f3 la primera edici\u00f3n 2022 del&nbsp; \u201cCaf\u00e9 Literario del Virla\u201d en el Centro Cultural Eugenio Flavio Virla. En esta oportunidad participaron leyendo sus producciones: Paulina Mart\u00edn, Leticia Albarrac\u00edn, Pablo Romero y&nbsp; Ricardo Bocos. Despu\u00e9s de dos a\u00f1os [&hellip;]<\/p>\n","protected":false},"author":101021,"featured_media":7651,"comment_status":"closed","ping_status":"closed","sticky":false,"template":"","format":"standard","meta":{"footnotes":""},"categories":[21,8,6],"tags":[],"class_list":{"0":"post-7650","1":"post","2":"type-post","3":"status-publish","4":"format-standard","5":"has-post-thumbnail","6":"hentry","7":"category-cafe-literario","8":"category-eventos-academicos","9":"category-extension","11":"post-with-thumbnail","12":"post-with-thumbnail-large"},"_links":{"self":[{"href":"https:\/\/filo.unt.edu.ar\/noticias\/wp-json\/wp\/v2\/posts\/7650","targetHints":{"allow":["GET"]}}],"collection":[{"href":"https:\/\/filo.unt.edu.ar\/noticias\/wp-json\/wp\/v2\/posts"}],"about":[{"href":"https:\/\/filo.unt.edu.ar\/noticias\/wp-json\/wp\/v2\/types\/post"}],"author":[{"embeddable":true,"href":"https:\/\/filo.unt.edu.ar\/noticias\/wp-json\/wp\/v2\/users\/101021"}],"replies":[{"embeddable":true,"href":"https:\/\/filo.unt.edu.ar\/noticias\/wp-json\/wp\/v2\/comments?post=7650"}],"version-history":[{"count":2,"href":"https:\/\/filo.unt.edu.ar\/noticias\/wp-json\/wp\/v2\/posts\/7650\/revisions"}],"predecessor-version":[{"id":7653,"href":"https:\/\/filo.unt.edu.ar\/noticias\/wp-json\/wp\/v2\/posts\/7650\/revisions\/7653"}],"wp:featuredmedia":[{"embeddable":true,"href":"https:\/\/filo.unt.edu.ar\/noticias\/wp-json\/wp\/v2\/media\/7651"}],"wp:attachment":[{"href":"https:\/\/filo.unt.edu.ar\/noticias\/wp-json\/wp\/v2\/media?parent=7650"}],"wp:term":[{"taxonomy":"category","embeddable":true,"href":"https:\/\/filo.unt.edu.ar\/noticias\/wp-json\/wp\/v2\/categories?post=7650"},{"taxonomy":"post_tag","embeddable":true,"href":"https:\/\/filo.unt.edu.ar\/noticias\/wp-json\/wp\/v2\/tags?post=7650"}],"curies":[{"name":"wp","href":"https:\/\/api.w.org\/{rel}","templated":true}]}}