{"id":7628,"date":"2022-04-28T19:48:35","date_gmt":"2022-04-28T22:48:35","guid":{"rendered":"http:\/\/filo.unt.edu.ar\/noticias\/?p=7628"},"modified":"2022-04-28T19:48:55","modified_gmt":"2022-04-28T22:48:55","slug":"la-muestra-juicios-de-lesa-humanidad-en-tucuman-dio-inicio-a-la-optativa-comunicacion-y-derechos-humanos","status":"publish","type":"post","link":"https:\/\/filo.unt.edu.ar\/noticias\/2022\/04\/28\/la-muestra-juicios-de-lesa-humanidad-en-tucuman-dio-inicio-a-la-optativa-comunicacion-y-derechos-humanos\/","title":{"rendered":"La Muestra \u201cJuicios de Lesa Humanidad en Tucum\u00e1n\u201d dio inicio a la optativa Comunicaci\u00f3n y Derechos Humanos"},"content":{"rendered":"<p><span style=\"font-weight: 400\">El\u00a0 lunes 11 de abril, se repuso la \u201cMuestra<\/span><i><span style=\"font-weight: 400\"> \u201cJuicios de Lesa Humanidad en Tucum\u00e1n: rese\u00f1as de un recorrido hist\u00f3rico 2008-2021\u201d <\/span><\/i><span style=\"font-weight: 400\">en el Espacio Cultural de nuestra facultad, en el marco de la clase inaugural de la optativa \u201cComunicaci\u00f3n y Derechos Humanos\u201d. <\/span><\/p>\n<p><span style=\"font-weight: 400\">La Mg. <\/span><b>\u201cTina\u201d Gardella<\/b><span style=\"font-weight: 400\">, a cargo de la optativa, expres\u00f3: <\/span><span style=\"font-weight: 400\">\u201cIniciamos esta materia como una gran deuda de la Licenciatura en Ciencias de la Comunicaci\u00f3n. Y con\u00a0 una gran expectativa, porque la proyecci\u00f3n que ha tenido en relaci\u00f3n a organismos de Derechos Humanos, agrupaciones sociales, pol\u00edticas, colectivos de comunicaci\u00f3n popular, alternativa, comunitaria, que sienten que era necesario un espacio desde donde reflexionar cr\u00edticamente y que se plantear\u00e1 un hacer creativo. Ya que actualmente, hay exigencias de las nuevas generaciones: narrativas, est\u00e9ticas renovadas y creatividades que buscan transformar sensibilidades y subjetividades\u201d.\u00a0\u00a0<\/span><\/p>\n<p><span style=\"font-weight: 400\">Asimismo,\u00a0 Gardella remarc\u00f3 que \u201cla comunicaci\u00f3n\u00a0 tiene mucho por decir y por hacer\u201d en relaci\u00f3n al tratamiento discursivo de los hechos, sobre el recorrido hist\u00f3rico y las luchas colectivas de\u00a0 organismos de Derechos Humanos.\u00a0<\/span><\/p>\n<p><span style=\"font-weight: 400\">La Muestra <\/span><i><span style=\"font-weight: 400\">\u201cJuicios de Lesa Humanidad en Tucum\u00e1n\u201d,<\/span><\/i><span style=\"font-weight: 400\"> es un trabajo de recuperaci\u00f3n de la memoria colectiva y social impulsado por la\u00a0 Secretar\u00eda de Derechos Humanos de la Provincia de Tucum\u00e1n, que integra visualmente fotograf\u00edas que recorren los 14 juicios de lesa humanidad, realizados en Tucum\u00e1n. En este sentido, Gardella manifest\u00f3 la importancia de estos procesos judiciales:\u00a0 \u201cmarcaron el rumbo para otros juicios de lesa humanidad que se realizaron en otras provincias. Son Juicios emblem\u00e1ticos, en tanto tambi\u00e9n se juzg\u00f3 a civiles, jueces, y casos por delitos sexuales, que fueron tipificados como tales\u201d.\u00a0<\/span><\/p>\n<p><span style=\"font-weight: 400\">A su vez, la muestra y el dictado de la optativa constituye el\u00a0 puntapi\u00e9 inicial para profundizar la defensa de \u201cMemoria, Verdad y Justicia\u201d, que a trav\u00e9s de los a\u00f1os sostiene con convicci\u00f3n nuestra facultad,\u00a0 en las aulas y en el desarrollo de acciones culturales. En relaci\u00f3n a esto , la docente de Ciencias de la Comunicaci\u00f3n enunci\u00f3 que\u00a0 \u201cen lo jur\u00eddico no se tramita todo, hay que construir una trama cultural. El Nunca M\u00e1s no es \u00fanicamente el dispositivo jur\u00eddico, sino que son cambios de conductas y sensibilidades que construyan una sociedad m\u00e1s justa e igualitaria\u201d.\u00a0<\/span><\/p>\n<p><span style=\"font-weight: 400\">En relaci\u00f3n a la participaci\u00f3n de los estudiantes, Tina Gardella a\u00f1adi\u00f3\u00a0 <\/span><span style=\"font-weight: 400\">\u201cla respuesta que hemos tenido de\u00a0 los estudiantes ha sido maravillosa\u201d por la concurrencia y por \u201cel grado de participaci\u00f3n, respeto, deseos e involucramiento, interesados\u00a0 en construir dispositivos que generen las condiciones de producci\u00f3n en Tucum\u00e1n para otra mirada que salga de los binarismos para preguntarnos fundamentalmente \u00bfQu\u00e9 hacemos con lo que\u00a0 pas\u00f3 desde la comunicaci\u00f3n?\u201d.\u00a0\u00a0<\/span><\/p>\n<p><span style=\"font-weight: 400\">La optativa \u201cComunicaci\u00f3n y Derechos Humanos\u201d,\u00a0 es fruto de la articulaci\u00f3n entre la Universidad Nacional de Tucum\u00e1n\u00a0 y\u00a0 organizaciones sociales y pol\u00edticas. Dicho espacio acad\u00e9mico est\u00e1 dedicado a la memoria de <\/span><b>Marianella Triunfetti<\/b><span style=\"font-weight: 400\"> &#8211; egresada de la carrera en Ciencias de Comunicaci\u00f3n y comprometida comunicadora del \u00e1mbito popular y los Derechos Humanos &#8211; y\u00a0 <\/span><b>Natalia Ari\u00f1ez <\/b><span style=\"font-weight: 400\">&#8211; militante y defensora de los Derechos Humanos que integraba H.I.J.O.S Tucum\u00e1n -, ambas fallecidas en un siniestro vial ocurrido en diciembre de 2016 cuando regresaban de \u201cEscuelita de Famaill\u00e1\u201d.<\/span><\/p>\n<p><a href=\"https:\/\/www.facebook.com\/filount\/posts\/1713369908998875\" target=\"_blank\" rel=\"noopener\">VER FOTOS.-<\/a><\/p>\n","protected":false},"excerpt":{"rendered":"<p>El\u00a0 lunes 11 de abril, se repuso la \u201cMuestra \u201cJuicios de Lesa Humanidad en Tucum\u00e1n: rese\u00f1as de un recorrido hist\u00f3rico 2008-2021\u201d en el Espacio Cultural de nuestra facultad, en el marco de la clase inaugural de la optativa \u201cComunicaci\u00f3n y Derechos Humanos\u201d. La Mg. \u201cTina\u201d Gardella, a cargo de la [&hellip;]<\/p>\n","protected":false},"author":101021,"featured_media":7630,"comment_status":"closed","ping_status":"closed","sticky":false,"template":"","format":"standard","meta":{"footnotes":""},"categories":[16,8,6],"tags":[],"class_list":{"0":"post-7628","1":"post","2":"type-post","3":"status-publish","4":"format-standard","5":"has-post-thumbnail","6":"hentry","7":"category-espacio-cultural","8":"category-eventos-academicos","9":"category-extension","11":"post-with-thumbnail","12":"post-with-thumbnail-large"},"_links":{"self":[{"href":"https:\/\/filo.unt.edu.ar\/noticias\/wp-json\/wp\/v2\/posts\/7628","targetHints":{"allow":["GET"]}}],"collection":[{"href":"https:\/\/filo.unt.edu.ar\/noticias\/wp-json\/wp\/v2\/posts"}],"about":[{"href":"https:\/\/filo.unt.edu.ar\/noticias\/wp-json\/wp\/v2\/types\/post"}],"author":[{"embeddable":true,"href":"https:\/\/filo.unt.edu.ar\/noticias\/wp-json\/wp\/v2\/users\/101021"}],"replies":[{"embeddable":true,"href":"https:\/\/filo.unt.edu.ar\/noticias\/wp-json\/wp\/v2\/comments?post=7628"}],"version-history":[{"count":3,"href":"https:\/\/filo.unt.edu.ar\/noticias\/wp-json\/wp\/v2\/posts\/7628\/revisions"}],"predecessor-version":[{"id":7632,"href":"https:\/\/filo.unt.edu.ar\/noticias\/wp-json\/wp\/v2\/posts\/7628\/revisions\/7632"}],"wp:featuredmedia":[{"embeddable":true,"href":"https:\/\/filo.unt.edu.ar\/noticias\/wp-json\/wp\/v2\/media\/7630"}],"wp:attachment":[{"href":"https:\/\/filo.unt.edu.ar\/noticias\/wp-json\/wp\/v2\/media?parent=7628"}],"wp:term":[{"taxonomy":"category","embeddable":true,"href":"https:\/\/filo.unt.edu.ar\/noticias\/wp-json\/wp\/v2\/categories?post=7628"},{"taxonomy":"post_tag","embeddable":true,"href":"https:\/\/filo.unt.edu.ar\/noticias\/wp-json\/wp\/v2\/tags?post=7628"}],"curies":[{"name":"wp","href":"https:\/\/api.w.org\/{rel}","templated":true}]}}