{"id":7616,"date":"2022-04-28T19:10:40","date_gmt":"2022-04-28T22:10:40","guid":{"rendered":"http:\/\/filo.unt.edu.ar\/noticias\/?p=7616"},"modified":"2022-04-28T19:10:42","modified_gmt":"2022-04-28T22:10:42","slug":"se-realizo-la-primera-colacion-de-grado-despues-de-dos-anos-de-pandemia","status":"publish","type":"post","link":"https:\/\/filo.unt.edu.ar\/noticias\/2022\/04\/28\/se-realizo-la-primera-colacion-de-grado-despues-de-dos-anos-de-pandemia\/","title":{"rendered":"Se realiz\u00f3 la primera colaci\u00f3n de grado despu\u00e9s de dos a\u00f1os de pandemia"},"content":{"rendered":"<p><span style=\"font-weight: 400\">El martes 05,&nbsp; en el Espacio Cultural de nuestra facultad, se llev\u00f3 a cabo la primera colaci\u00f3n de grado y posgrado en el marco de la vuelta a la presencialidad cuidada, en la que se entregaron&nbsp; <\/span><span style=\"font-weight: 400\">40 t\u00edtulos de grado<\/span><span style=\"font-weight: 400\"> y un t\u00edtulo de posgrado.<\/span><\/p>\n<p><span style=\"font-weight: 400\">La ceremonia fue presidida por la Decana, Dra. Mercedes Leal, el Vicedecano, Mg. Santiago Rex Bliss; la Secretaria Acad\u00e9mica, Mg. N\u00e9lida Sibaldi; la Secretar\u00eda de Posgrado e Investigaci\u00f3n; Mg. Norma Ben Altabef y la Coordinadora de Graduados, Prof. Mar\u00eda Victoria Molina.&nbsp;<\/span><\/p>\n<p><span style=\"font-weight: 400\">En primer t\u00e9rmino, se entonaron las estrofas del himno nacional, que cont\u00f3 con la presencia de abanderadxs y escoltas.&nbsp;<\/span><\/p>\n<p><span style=\"font-weight: 400\">A posterior la Dra. Leal dirigi\u00f3 unas&nbsp; sentidas palabras a las y los egresados \u201clos felicito porque pusieron esfuerzo, tes\u00f3n y se obstinaron tanto, que hasta pudieron sobreponerse a una pandemia y concluir sus estudios\u201d.&nbsp; En consonancia interpel\u00f3 a las y los egresados \u201choy renovamos nuestra utop\u00eda y creemos que la Universidad debe trabajar&nbsp; en favor de favor de una sociedad libre de femicidios, respetuosa de las disidencias y que aporte a su saber a favor de un mundo saludable, justo y solidario\u201d.&nbsp;<\/span><\/p>\n<p><span style=\"font-weight: 400\">As\u00ed tambi\u00e9n, Leal resalt\u00f3 que la colaci\u00f3n celebrada, es la primera que se realiza presencialmente, luego del contexto de pandemia que azot\u00f3 al mundo y que llev\u00f3 a sostener las actividades acad\u00e9micas a trav\u00e9s de la virtualidad. \u201cEsta nueva colaci\u00f3n de grado nos llena de orgullo y felicidad, tiene un agregado especial, la presencialidad que nos brinda la posibilidad de volver a encontrarnos y poder compartir la sonrisa, el afecto y el abrazo, sentimientos tan caros a la condici\u00f3n humana\u201d, enfatiz\u00f3.<\/span><\/p>\n<p><span style=\"font-weight: 400\">Cabe destacar que esta colaci\u00f3n de grado y posgrado, es la \u00faltima que presidir\u00e1 la Dra Mercedes Leal a cargo del Decanato de nuestra facultad, finalizando 8 a\u00f1os de gesti\u00f3n en los que se entregaron 1900 t\u00edtulos de grado y 108 t\u00edtulos de posgrado. En este sentido, la decana manifest\u00f3 \u201cnada nos gratifica m\u00e1s en todos estos a\u00f1os qu\u00e9 ver cumplida la misi\u00f3n de la Universidad P\u00fablica cuando nuestros egresados salen con sus t\u00edtulos en la mano con gratitud y alegr\u00eda por haber cumplido con ese proyecto largamente anhelado\u201d para aportar sus saberes y experiencia como flamantes profesionales del campo de las ciencias sociales y humanas a la sociedad.&nbsp;<\/span><\/p>\n<p><span style=\"font-weight: 400\">Por \u00faltimo, Leal antes de tomar juramento junto a las dem\u00e1s autoridades, a las y los egresados&nbsp; expres\u00f3 \u201cestoy convencida que sabr\u00e1n desplegar ese conocimiento y sensibilidad especial con la que los hemos formado en esta casa y honrar\u00e1n su profesi\u00f3n\u201d. A su vez convoc\u00f3 a los egresados y egresadas a \u201csostener siempre su posici\u00f3n&nbsp; de ciudadanos cr\u00edticos, a no claudicar en sus ideales y a seguir trabajando con pasi\u00f3n y profesionalismo por nuestra provincia y la ciudadan\u00eda que hoy los necesita y est\u00e1 esper\u00e1ndolos\u201d&nbsp;<\/span><\/p>\n<p><a href=\"https:\/\/www.facebook.com\/media\/set\/?set=a.1708343786168154&amp;type=3\" target=\"_blank\" rel=\"noopener\">VER FOTOS.-<\/a><\/p>\n","protected":false},"excerpt":{"rendered":"<p>El martes 05,&nbsp; en el Espacio Cultural de nuestra facultad, se llev\u00f3 a cabo la primera colaci\u00f3n de grado y posgrado en el marco de la vuelta a la presencialidad cuidada, en la que se entregaron&nbsp; 40 t\u00edtulos de grado y un t\u00edtulo de posgrado. La ceremonia fue presidida por [&hellip;]<\/p>\n","protected":false},"author":101021,"featured_media":7617,"comment_status":"closed","ping_status":"closed","sticky":false,"template":"","format":"standard","meta":{"footnotes":""},"categories":[16,8],"tags":[],"class_list":{"0":"post-7616","1":"post","2":"type-post","3":"status-publish","4":"format-standard","5":"has-post-thumbnail","6":"hentry","7":"category-espacio-cultural","8":"category-eventos-academicos","10":"post-with-thumbnail","11":"post-with-thumbnail-large"},"_links":{"self":[{"href":"https:\/\/filo.unt.edu.ar\/noticias\/wp-json\/wp\/v2\/posts\/7616","targetHints":{"allow":["GET"]}}],"collection":[{"href":"https:\/\/filo.unt.edu.ar\/noticias\/wp-json\/wp\/v2\/posts"}],"about":[{"href":"https:\/\/filo.unt.edu.ar\/noticias\/wp-json\/wp\/v2\/types\/post"}],"author":[{"embeddable":true,"href":"https:\/\/filo.unt.edu.ar\/noticias\/wp-json\/wp\/v2\/users\/101021"}],"replies":[{"embeddable":true,"href":"https:\/\/filo.unt.edu.ar\/noticias\/wp-json\/wp\/v2\/comments?post=7616"}],"version-history":[{"count":3,"href":"https:\/\/filo.unt.edu.ar\/noticias\/wp-json\/wp\/v2\/posts\/7616\/revisions"}],"predecessor-version":[{"id":7620,"href":"https:\/\/filo.unt.edu.ar\/noticias\/wp-json\/wp\/v2\/posts\/7616\/revisions\/7620"}],"wp:featuredmedia":[{"embeddable":true,"href":"https:\/\/filo.unt.edu.ar\/noticias\/wp-json\/wp\/v2\/media\/7617"}],"wp:attachment":[{"href":"https:\/\/filo.unt.edu.ar\/noticias\/wp-json\/wp\/v2\/media?parent=7616"}],"wp:term":[{"taxonomy":"category","embeddable":true,"href":"https:\/\/filo.unt.edu.ar\/noticias\/wp-json\/wp\/v2\/categories?post=7616"},{"taxonomy":"post_tag","embeddable":true,"href":"https:\/\/filo.unt.edu.ar\/noticias\/wp-json\/wp\/v2\/tags?post=7616"}],"curies":[{"name":"wp","href":"https:\/\/api.w.org\/{rel}","templated":true}]}}