{"id":7566,"date":"2022-03-31T15:33:25","date_gmt":"2022-03-31T18:33:25","guid":{"rendered":"http:\/\/filo.unt.edu.ar\/noticias\/?p=7566"},"modified":"2022-04-04T16:10:26","modified_gmt":"2022-04-04T19:10:26","slug":"presentacion-del-libro-el-brazalete","status":"publish","type":"post","link":"https:\/\/filo.unt.edu.ar\/noticias\/2022\/03\/31\/presentacion-del-libro-el-brazalete\/","title":{"rendered":"Presentaci\u00f3n del libro \u201cEl brazalete\u201d"},"content":{"rendered":"<div>\n<div class=\"\" dir=\"auto\">\n<div id=\"jsc_c_1ny\" class=\"ecm0bbzt hv4rvrfc ihqw7lf3 dati1w0a\" data-ad-comet-preview=\"message\" data-ad-preview=\"message\">\n<div class=\"j83agx80 cbu4d94t ew0dbk1b irj2b8pg\">\n<div class=\"qzhwtbm6 knvmm38d\">\n<div class=\"kvgmc6g5 cxmmr5t8 oygrvhab hcukyx3x c1et5uql ii04i59q\">\n<div dir=\"auto\">El Jueves 31 de marzo, en el Centro Cultural \u201cEugenio F. Virla\u201d de la UNT, el Instituto<\/div>\n<div dir=\"auto\">CERPACU, de la Facultad de Filosof\u00eda y Letras, realiz\u00f3 la Presentaci\u00f3n del libro <em>El<\/em><\/div>\n<div dir=\"auto\"><em>brazalete<\/em>, de la autora tucumana Beatriz Giobellina.<\/div>\n<div dir=\"auto\"><\/div>\n<\/div>\n<div dir=\"auto\">\n<div dir=\"auto\">Participaron de la Presentaci\u00f3n la autora del libro, Dra. Beatriz Giobellina, la Dra. Patricia<\/div>\n<div dir=\"auto\">Arenas, la Psic. Josefina Racedo, la Prof. Eugenia Flores de Molinillo, y la Directora del Instituto<\/div>\n<div dir=\"auto\">CERPACU, Dra. Zulma Segura.<\/div>\n<div dir=\"auto\"><\/div>\n<\/div>\n<div class=\"kvgmc6g5 cxmmr5t8 oygrvhab hcukyx3x c1et5uql ii04i59q\">\n<div dir=\"auto\">La autora a trav\u00e9s de esta novela hist\u00f3rica, nos acerca al mundo prehisp\u00e1nico del Valle<\/div>\n<div dir=\"auto\">Calchaqu\u00ed, que resistiera m\u00e1s de un siglo la invasi\u00f3n hisp\u00e1nica. Emergen en estas p\u00e1ginas<\/div>\n<div dir=\"auto\">sus trabajos, costumbres, creencias, arte e ingenio, en contraste con la desprotecci\u00f3n de su<\/div>\n<div dir=\"auto\">legado, pr\u00e1cticamente saqueado tras esa \u00faltima batalla en la que los conquistadores<\/div>\n<div dir=\"auto\">eliminaron con la muerte f\u00edsica a cuantos pudieron y, con el exilio y el silencio, a los<\/div>\n<div dir=\"auto\">sobrevivientes.<\/div>\n<div dir=\"auto\"><\/div>\n<div dir=\"auto\">La novela est\u00e1 basada en datos cient\u00edficos e historiza aspectos centrales de la cultura e<\/div>\n<div dir=\"auto\">identidad del Valle Calchaqu\u00ed, en un interjuego permanente entre pasado y presente,<\/div>\n<div dir=\"auto\">poniendo el eje en la lucha y resistencia hasta la actualidad de los pueblos originarios de<\/div>\n<div dir=\"auto\">Tucum\u00e1n.<\/div>\n<div dir=\"auto\"><\/div>\n<div dir=\"auto\">\n<div dir=\"auto\">El momento musical con Instrumentos precolombinos y dise\u00f1o sonoro estuvo a cargo del m\u00fasico Daniel Robles.<\/div>\n<div dir=\"auto\"><\/div>\n<\/div>\n<div dir=\"auto\"><a href=\"https:\/\/www.facebook.com\/filount\/photos\/pcb.1705553526447180\/1705549339780932\" target=\"_blank\" rel=\"noopener\">Ver fotos<\/a><\/div>\n<\/div>\n<\/div>\n<\/div>\n<\/div>\n<\/div>\n<\/div>\n","protected":false},"excerpt":{"rendered":"<p>El Jueves 31 de marzo, en el Centro Cultural \u201cEugenio F. Virla\u201d de la UNT, el Instituto CERPACU, de la Facultad de Filosof\u00eda y Letras, realiz\u00f3 la Presentaci\u00f3n del libro El brazalete, de la autora tucumana Beatriz Giobellina. Participaron de la Presentaci\u00f3n la autora del libro, Dra. Beatriz Giobellina, la [&hellip;]<\/p>\n","protected":false},"author":3,"featured_media":7568,"comment_status":"closed","ping_status":"closed","sticky":false,"template":"","format":"standard","meta":{"footnotes":""},"categories":[7],"tags":[],"class_list":{"0":"post-7566","1":"post","2":"type-post","3":"status-publish","4":"format-standard","5":"has-post-thumbnail","6":"hentry","7":"category-publicaciones","9":"post-with-thumbnail","10":"post-with-thumbnail-large"},"_links":{"self":[{"href":"https:\/\/filo.unt.edu.ar\/noticias\/wp-json\/wp\/v2\/posts\/7566","targetHints":{"allow":["GET"]}}],"collection":[{"href":"https:\/\/filo.unt.edu.ar\/noticias\/wp-json\/wp\/v2\/posts"}],"about":[{"href":"https:\/\/filo.unt.edu.ar\/noticias\/wp-json\/wp\/v2\/types\/post"}],"author":[{"embeddable":true,"href":"https:\/\/filo.unt.edu.ar\/noticias\/wp-json\/wp\/v2\/users\/3"}],"replies":[{"embeddable":true,"href":"https:\/\/filo.unt.edu.ar\/noticias\/wp-json\/wp\/v2\/comments?post=7566"}],"version-history":[{"count":2,"href":"https:\/\/filo.unt.edu.ar\/noticias\/wp-json\/wp\/v2\/posts\/7566\/revisions"}],"predecessor-version":[{"id":7572,"href":"https:\/\/filo.unt.edu.ar\/noticias\/wp-json\/wp\/v2\/posts\/7566\/revisions\/7572"}],"wp:featuredmedia":[{"embeddable":true,"href":"https:\/\/filo.unt.edu.ar\/noticias\/wp-json\/wp\/v2\/media\/7568"}],"wp:attachment":[{"href":"https:\/\/filo.unt.edu.ar\/noticias\/wp-json\/wp\/v2\/media?parent=7566"}],"wp:term":[{"taxonomy":"category","embeddable":true,"href":"https:\/\/filo.unt.edu.ar\/noticias\/wp-json\/wp\/v2\/categories?post=7566"},{"taxonomy":"post_tag","embeddable":true,"href":"https:\/\/filo.unt.edu.ar\/noticias\/wp-json\/wp\/v2\/tags?post=7566"}],"curies":[{"name":"wp","href":"https:\/\/api.w.org\/{rel}","templated":true}]}}