{"id":7416,"date":"2021-12-17T09:52:54","date_gmt":"2021-12-17T12:52:54","guid":{"rendered":"http:\/\/filo.unt.edu.ar\/noticias\/?p=7416"},"modified":"2021-12-22T10:27:45","modified_gmt":"2021-12-22T13:27:45","slug":"olimpiadas-de-filosofia-edicion-2021","status":"publish","type":"post","link":"https:\/\/filo.unt.edu.ar\/noticias\/2021\/12\/17\/olimpiadas-de-filosofia-edicion-2021\/","title":{"rendered":"Olimp\u00edadas de Filosof\u00eda, edici\u00f3n 2021"},"content":{"rendered":"<p>El jueves 16 se llev\u00f3 a cabo el acto de apertura de la Instancia Nacional de las Olimp\u00edadas de Filosof\u00eda \u201cPoner el cuerpo. Poder e instituciones en la cultura actual\u201d.<\/p>\n<p>Participaron la Representante Legal de OFRA, Dra. Susana Maidana; el Coordinador de \u00c1rea de actividades cient\u00edficas del Ministerio de Educaci\u00f3n de la Naci\u00f3n, Marcelo Baz\u00e1n; el Rector de la UNT, Ing. Jos\u00e9 Garc\u00eda; y el vicedecano de la Facultad de Filosof\u00eda y Letras, Santiago Bliss. Tambi\u00e9n el Ministro de Educaci\u00f3n de la Provincia, Dr. Juan Pablo Lichtmajer envi\u00f3 sus saludos y es necesario recordar que present\u00f3 la instancia jurisdiccional de nuestra Provincia que fue presencial y tuvo lugar en el CIIDEPT.<\/p>\n<p>La Dra. Maidana, reconoci\u00f3 el acierto de haber mantenido el tema del encuentro anterior, en tanto la preocupaci\u00f3n de las y los adolescentes gira en torno de su cuerpo, de la posibilidad de ser o de no ser, del consumismo, \u201cles preocupa el control del cuerpo, la b\u00fasqueda de la identidad\u201d, afirm\u00f3. Manifest\u00f3 que lejos de ser una generaci\u00f3n \u201cni \u2013 ni\u201d (ni estudian, ni trabajan; en s\u00edntesis, no se comprometen con nada m\u00e1s que con su ego\u00edsmo), como se suele llamar a las actuales juventudes, quienes participaron de las Olimp\u00edadas est\u00e1n generando conocimiento, y as\u00ed \u201cmolestan a una sociedad dormida\u201d, como aquel rol de \u2018t\u00e1bano\u2019 que le adjudicaba S\u00f3crates a la filosof\u00eda, \u201cson ese t\u00e1bano que de modo insoportable, incansablemente molesta, conmueve\u201c.<\/p>\n<p>El Lic. Baz\u00e1n, agradeci\u00f3 a la Universidad, al equipo que organiza las Olimp\u00edadas, a los docentes que trabajaron para que, a nivel nacional \u201cTantos pibes y pibas hagan filosof\u00eda en un momento en el que nos hicieron sentir que las escuelas estaban cerradas, que en las escuelas no se hac\u00edan cosas, que los docentes no trabajaban, que la universidad est\u00e1 all\u00e1, lejana a la realidad. Es una prueba contundente de que se equivocan. \u00a1Esto que est\u00e1 sucediendo, es una fiesta!, afirm\u00f3.\u201d<\/p>\n<p>Por su parte, el Mg. Bliss manifest\u00f3 que para la Facultad de Filosof\u00eda y Letras siempre era una satisfacci\u00f3n participar de esa instancia de las Olimp\u00edadas, destacando el trabajo que lleva a cabo todo el equipo. Retom\u00f3 la idea de Maidana y sostuvo que \u201cPuede ser que ese t\u00e1bano que es la filosof\u00eda no consiga despertar a Atenas, pero si a lo largo de estos procesos conseguimos que un joven, en cualquier parte de la Argentina, pueda superar una crisis personal, a trav\u00e9s del encuentro con la filosof\u00eda, de poner en palabras los malestares, las tensiones que vive en este momento tan especial, el objetivo de las Olimp\u00edadas est\u00e1 m\u00e1s que cumplido\u201d.<\/p>\n<p>Finalmente, el Rector de la Universidad, agradeci\u00f3 la presencia del Coordinador de \u00c1rea de actividades cient\u00edficas del Ministerio de Educaci\u00f3n de la Naci\u00f3n y el trabajo realizado por la Facultad de Filosof\u00eda y Letras a trav\u00e9s del equipo coordinado por la Dra. Maidana. Felicit\u00f3 a las y los estudiantes y docentes que \u201cpusieron el cuerpo\u201d para dialogar e imaginar nuestro sistema humano, m\u00e1s all\u00e1 del poder y m\u00e1s cerca de los afectos.<\/p>\n<p>Desde la organizaci\u00f3n manifestaron que &#8220;Las ponencias, preguntas, devoluciones e intervenciones de pares se\u00f1alan dos aspectos que merecen ser mencionados. Por un lado, la variedad de autores e ideas trabajadas (de C\u00e9sar Gonz\u00e1lez a Michel Foucault, de Plat\u00f3n a Judith Butler), son el reflejo superficial de una fuente que se remonta a17 a\u00f1os atr\u00e1s, con el origen del proyecto de Olimpiadas encabezado por la Dra. Susana Maidana, y que se nutre con las arterias del equipo de trabajo de OFRA; y, sobre todo, de la comuni\u00f3n de docentes y estudiantes amalgamados por aquel eros del que habla Plat\u00f3n en El Banquete: el p\u00e9ndulo entre el deseo y la sabidur\u00eda, las ansias por el conocimiento, la sed de comprender la realidad para comprenderse a s\u00ed mismos. Por otro lado, a trav\u00e9s del trabajo de las y los estudiantes, poniendo en primer plano la construcci\u00f3n colectiva del saber y el compromiso con las ideas, el esp\u00edritu ol\u00edmpico de reflexi\u00f3n puso de manifiesto c\u00f3mo las juventudes se sienten interpeladas por sus realidades al tiempo que las interpelan&#8221;.<br \/>Agregaron tambi\u00e9n &#8220;Am\u00e9n de la selecci\u00f3n del jurado y la premiaci\u00f3n, que tuvo a Carmela Yanay Ruarte Astorga del Nivel I, del Colegio Mart\u00edn Pescador de Jujuy como ganadora del primer lugar ,con su ensayo &#8220;Sub-versiones de la pasarela&#8221;; y a Camila Yasm\u00edn Y\u00f1iguez Quintana del Colegio Nacional de Bs. As. como ganadora del Nivel II, con su ensayo \u201cUn descampado que fue reclamado por los excluidos\u201d; deseamos retener las palabras de un estudiante (que pudo ser cualquiera): \u201cquiero saber, \u00bfvan a ser parte de la generaci\u00f3n que lo revolucione todo?\u201d. As\u00ed, con argumentos, imaginaci\u00f3n, creatividad, di\u00e1logo -y sin pretensiones absolutistas-, los j\u00f3venes nos han conducido por los intrincados caminos de esta curiosa actividad de hacerse preguntas que no tienen respuesta, pero que bien vale la pena transitar&#8221;.<\/p>\n<p>Luego de la ceremonia, que como todo el encuentro tuvo la modalidad virtual, se dio inicio al trabajo de las comisiones. Y para celebrar la culminaci\u00f3n del mismo, el viernes 17 se realiz\u00f3 un Fog\u00f3n virtual y el Acto de premiaci\u00f3n.<\/p>\n<p><a href=\"https:\/\/www.facebook.com\/filount\/posts\/1632149687120898\">Ver fotos<\/a><\/p>\n<p>Acceda a los videos de mesas de trabajos: https:\/\/www.youtube.com\/channel\/UCYlbRwmWSCx6HB9oET7saxQ<\/p>\n<p>\u00a0<\/p>\n\n\n<p><\/p>\n","protected":false},"excerpt":{"rendered":"<p>El jueves 16 se llev\u00f3 a cabo el acto de apertura de la Instancia Nacional de las Olimp\u00edadas de Filosof\u00eda \u201cPoner el cuerpo. Poder e instituciones en la cultura actual\u201d. Participaron la Representante Legal de OFRA, Dra. Susana Maidana; el Coordinador de \u00c1rea de actividades cient\u00edficas del Ministerio de Educaci\u00f3n [&hellip;]<\/p>\n","protected":false},"author":3,"featured_media":7417,"comment_status":"closed","ping_status":"closed","sticky":false,"template":"","format":"standard","meta":{"footnotes":""},"categories":[8],"tags":[],"class_list":{"0":"post-7416","1":"post","2":"type-post","3":"status-publish","4":"format-standard","5":"has-post-thumbnail","6":"hentry","7":"category-eventos-academicos","9":"post-with-thumbnail","10":"post-with-thumbnail-large"},"_links":{"self":[{"href":"https:\/\/filo.unt.edu.ar\/noticias\/wp-json\/wp\/v2\/posts\/7416","targetHints":{"allow":["GET"]}}],"collection":[{"href":"https:\/\/filo.unt.edu.ar\/noticias\/wp-json\/wp\/v2\/posts"}],"about":[{"href":"https:\/\/filo.unt.edu.ar\/noticias\/wp-json\/wp\/v2\/types\/post"}],"author":[{"embeddable":true,"href":"https:\/\/filo.unt.edu.ar\/noticias\/wp-json\/wp\/v2\/users\/3"}],"replies":[{"embeddable":true,"href":"https:\/\/filo.unt.edu.ar\/noticias\/wp-json\/wp\/v2\/comments?post=7416"}],"version-history":[{"count":2,"href":"https:\/\/filo.unt.edu.ar\/noticias\/wp-json\/wp\/v2\/posts\/7416\/revisions"}],"predecessor-version":[{"id":7475,"href":"https:\/\/filo.unt.edu.ar\/noticias\/wp-json\/wp\/v2\/posts\/7416\/revisions\/7475"}],"wp:featuredmedia":[{"embeddable":true,"href":"https:\/\/filo.unt.edu.ar\/noticias\/wp-json\/wp\/v2\/media\/7417"}],"wp:attachment":[{"href":"https:\/\/filo.unt.edu.ar\/noticias\/wp-json\/wp\/v2\/media?parent=7416"}],"wp:term":[{"taxonomy":"category","embeddable":true,"href":"https:\/\/filo.unt.edu.ar\/noticias\/wp-json\/wp\/v2\/categories?post=7416"},{"taxonomy":"post_tag","embeddable":true,"href":"https:\/\/filo.unt.edu.ar\/noticias\/wp-json\/wp\/v2\/tags?post=7416"}],"curies":[{"name":"wp","href":"https:\/\/api.w.org\/{rel}","templated":true}]}}