{"id":7413,"date":"2021-12-18T09:45:29","date_gmt":"2021-12-18T12:45:29","guid":{"rendered":"http:\/\/filo.unt.edu.ar\/noticias\/?p=7413"},"modified":"2021-12-21T12:41:57","modified_gmt":"2021-12-21T15:41:57","slug":"ultima-colacion-de-grado-de-2021","status":"publish","type":"post","link":"https:\/\/filo.unt.edu.ar\/noticias\/2021\/12\/18\/ultima-colacion-de-grado-de-2021\/","title":{"rendered":"Se realiz\u00f3 la \u00faltima colaci\u00f3n de grado y posgrado de 2021"},"content":{"rendered":"<p>El viernes 17, con gran alegr\u00eda, se llev\u00f3 a cabo la \u00faltima Colaci\u00f3n de grado del 2021, en la que se entregaron 10 t\u00edtulos de posgrado y 46 t\u00edtulos de grado.<\/p>\n<p>La ceremonia tuvo la modalidad virtual y fue presidida por el Vicedecano, Mg. Santiago Bliss; la Secretaria Acad\u00e9mica, Mg. N\u00e9lida Sibaldi, y la Coordinadora de Graduados, Prof. Mar\u00eda Victoria Molina. Cont\u00f3 tambi\u00e9n con la presencia de la Decana de la Facultad, Dra. Mercedes Leal.<\/p>\n<p>Luego de entonarse el himno nacional se realiz\u00f3 el cambio de abanderadas y escoltas. Como abanderada se design\u00f3 a Martina Colombres (Letras), primera escolta a Mar\u00eda Emilia Salvatierra Miranda (Trabajo Social), segunda Escolta Florencia del Valle Ar\u00e1oz (Trabajo Social). Se entregaron medallas de honor a la abanderada y escoltas salientes y diplomas a las entrantes.<\/p>\n<p>La Dra. Leal dirigi\u00f3 unas palabras a las y los egresados, afirmando en primer t\u00e9rmino que que a pesar de no haber podido realizar la colaci\u00f3n de manera presencial, como estaba planificado, debido a la situaci\u00f3n epidemiol\u00f3gica, &#8220;nada va a opacar la satisfacci\u00f3n y emoci\u00f3n que sentimos de poder sostener la colaci\u00f3n. Es una oportunidad para poder vernos y reconocernos como una comunidad que s\u00f3lo podr\u00e1 reestablecerse unida, en tiempos donde qued\u00f3 demostrada la importancia de la educaci\u00f3n para la vida en sociedad y el valor de la escuela, de la Universidad como \u00e1mbito privilegiado de ense\u00f1anza y aprendizaje&#8221;. Salud\u00f3 y felicit\u00f3 a las familias de las y los egresados, destac\u00f3 el esfuerzo de quienes se estaban graduando. Record\u00f3 al maestro Paulo Freire; reivindic\u00f3 su pensamiento como un tributo a las y los educadores, no docentes y estudiantes que pusieron su esfuerzo para que fuera posible llegar al momento de la graduaci\u00f3n. Afirm\u00f3 que evocar a este pensador y su idea que una educaci\u00f3n liberadora nos podr\u00eda ayudar a interpretar este tiempo y proyectar un futuro: &#8220;Rescato este pensamiento para nuestras y nuestros queridos graduados. Es fundamental que estos t\u00edtulos los habiliten a interpretar cr\u00edticamente los momentos que estamos viviendo como sociedad, a saber c\u00f3mo actuar ante las m\u00faltiples opresiones que nos conmueven. (&#8230;.) Necesitamos que sus voces y pr\u00e1cticas intervengan en las disputas de sentido que tensionan hoy la vida social&#8221;.<\/p>\n<p>En representaci\u00f3n de las y los graduados se escucharon palabras de Natal\u00ed Gim\u00e9nez (Ciencias de la Educaci\u00f3n), quien, en consonancia con las palabras de la decana afirm\u00f3 &#8220;Dejamos de ser estudiantes para enfrentarnos con un nuevo desaf\u00edo: ser profesionales&#8221; y asegur\u00f3 que en la base de la formaci\u00f3n ofrecida por la Facultad estaba la exigencia acad\u00e9mica y la formaci\u00f3n integral de la persona: &#8220;Esta identidad en la que nos hemos formado es lo que nos diferencia y ser\u00e1 nuestro compromiso trasladarla en nuestro ejercicio de la profesi\u00f3n. Nos han formado para construir un orden social m\u00e1s justo, haci\u00e9ndonos profesionales competentes y comprometidos con la realidad social. Seamos agentes de cambio y transformaci\u00f3n.&#8221;<\/p>\n<p>Acto seguido el Vicedecano trasmiti\u00f3 un afectuoso saludo a las y los graduados y sus familias. &#8220;Este diploma materializa el esfuerzo individual de cada uno de ustedes, pero tambi\u00e9n el esfuerzo colectivo de una Instituci\u00f3n que hace 80 a\u00f1os est\u00e1 formando profesionales para vincularlos al medio y el esfuerzo de la sociedad argentina que sostiene a la Universidad p\u00fablica. Estamos convencidos de que ustedes va a ser dignos representantes de la Universidad en la sociedad que les ha dado la posibilidad de acceder a estos estudios&#8221;, afirm\u00f3 antes de comenzar a tomar los juramentos.<\/p>\n<p><a href=\"https:\/\/www.facebook.com\/media\/set?vanity=filount&amp;set=a.1630862743916259\" target=\"_blank\" rel=\"noopener\">Ver fotos<\/a><\/p>\n<p><a href=\"https:\/\/www.youtube.com\/watch?v=Pu0B9i6MAVk&amp;t=1771s\" target=\"_blank\" rel=\"noopener\">Ver video<\/a><\/p>\n","protected":false},"excerpt":{"rendered":"<p>El viernes 17, con gran alegr\u00eda, se llev\u00f3 a cabo la \u00faltima Colaci\u00f3n de grado del 2021, en la que se entregaron 10 t\u00edtulos de posgrado y 46 t\u00edtulos de grado. La ceremonia tuvo la modalidad virtual y fue presidida por el Vicedecano, Mg. Santiago Bliss; la Secretaria Acad\u00e9mica, Mg. [&hellip;]<\/p>\n","protected":false},"author":3,"featured_media":7414,"comment_status":"closed","ping_status":"closed","sticky":false,"template":"","format":"standard","meta":{"footnotes":""},"categories":[12],"tags":[],"class_list":{"0":"post-7413","1":"post","2":"type-post","3":"status-publish","4":"format-standard","5":"has-post-thumbnail","6":"hentry","7":"category-gestion","9":"post-with-thumbnail","10":"post-with-thumbnail-large"},"_links":{"self":[{"href":"https:\/\/filo.unt.edu.ar\/noticias\/wp-json\/wp\/v2\/posts\/7413","targetHints":{"allow":["GET"]}}],"collection":[{"href":"https:\/\/filo.unt.edu.ar\/noticias\/wp-json\/wp\/v2\/posts"}],"about":[{"href":"https:\/\/filo.unt.edu.ar\/noticias\/wp-json\/wp\/v2\/types\/post"}],"author":[{"embeddable":true,"href":"https:\/\/filo.unt.edu.ar\/noticias\/wp-json\/wp\/v2\/users\/3"}],"replies":[{"embeddable":true,"href":"https:\/\/filo.unt.edu.ar\/noticias\/wp-json\/wp\/v2\/comments?post=7413"}],"version-history":[{"count":4,"href":"https:\/\/filo.unt.edu.ar\/noticias\/wp-json\/wp\/v2\/posts\/7413\/revisions"}],"predecessor-version":[{"id":7471,"href":"https:\/\/filo.unt.edu.ar\/noticias\/wp-json\/wp\/v2\/posts\/7413\/revisions\/7471"}],"wp:featuredmedia":[{"embeddable":true,"href":"https:\/\/filo.unt.edu.ar\/noticias\/wp-json\/wp\/v2\/media\/7414"}],"wp:attachment":[{"href":"https:\/\/filo.unt.edu.ar\/noticias\/wp-json\/wp\/v2\/media?parent=7413"}],"wp:term":[{"taxonomy":"category","embeddable":true,"href":"https:\/\/filo.unt.edu.ar\/noticias\/wp-json\/wp\/v2\/categories?post=7413"},{"taxonomy":"post_tag","embeddable":true,"href":"https:\/\/filo.unt.edu.ar\/noticias\/wp-json\/wp\/v2\/tags?post=7413"}],"curies":[{"name":"wp","href":"https:\/\/api.w.org\/{rel}","templated":true}]}}