{"id":7409,"date":"2021-12-11T18:20:37","date_gmt":"2021-12-11T21:20:37","guid":{"rendered":"http:\/\/filo.unt.edu.ar\/noticias\/?p=7409"},"modified":"2021-12-22T13:44:33","modified_gmt":"2021-12-22T16:44:33","slug":"jornada-derechos-humanos-y-universidad","status":"publish","type":"post","link":"https:\/\/filo.unt.edu.ar\/noticias\/2021\/12\/11\/jornada-derechos-humanos-y-universidad\/","title":{"rendered":"Jornada &#8220;Derechos Humanos y Universidad&#8221;"},"content":{"rendered":"<p>En el marco de la Jornada Derechos Humanos y Universidad, durante el 10 de diciembre, se realizaron diversas actividades.<\/p>\n<p>Durante la ma\u00f1ana, se coloc\u00f3 una placa homenaje a Lucho Fal\u00fa, estudiante desaparecido de nuestra Facultad en \u00e1rbol plantado en su memoria el pasado 26 de marzo. Estuvieron presentes, adem\u00e1s de autoridades de la Facultad, el Vice-rector, Ing. Sergio Pagani; Liliana Fal\u00fa, hermana del Luis Fal\u00fa, docentes, no docentes y estudiantes. En ese contexto, la Coordinadora de relaciones Institucionales, Lic. Julia Salda\u00f1o, record\u00f3 emotivamente el d\u00eda en el que se hab\u00eda plantado el \u00e1rbol que se estaba identificando con la placa. Por su parte, la Dra. Mercedes Leal, decana de la Facultad, dijo unas palabras en la que reafirm\u00f3 el compromiso que nuestra casa de estudio tiene para con las pol\u00edticas de Derechos Humanos. Tambi\u00e9n Liliana Fal\u00fa se dirigi\u00f3 al p\u00fablico presente, agradeciendo a la Facultad el espacio y ley\u00f3 una emotiva carta dirigida a su hermano desaparecido.<\/p>\n<p>A continuaci\u00f3n, se inaugur\u00f3 un mural realizado por la Asamblea de Estudiantes de Ciencias de la Educaci\u00f3n, dando cuenta del compromiso que nuestros y nuestras estudiantes tienen con los principios de Memoria, Verdad y Justicia.<\/p>\n<p>Durante la tarde y tambi\u00e9n bajo la organizaci\u00f3n de la asamblea de estudiantes de Educaci\u00f3n, se proyect\u00f3 el documental \u201cReencuentro con Ana\u201d, de Ana Daner, referido a Ana Mar\u00eda Sosa. Luego se llev\u00f3 a cabo el Conversatorio \u201cEl desaf\u00edo de la formaci\u00f3n de profesionales desde la perspectiva de los DDHH\u201d, con la participaci\u00f3n de la Decana, Dra. Mercedes Leal; la Mg. Mirtha Litvak; la Prof. Mar\u00eda Eugenia Barros; el Dr. Fabi\u00e1n Vera del Barco; y la Prof. Fernanda Marchese (ANDHES).<br \/>\nPara finalizar la jornada, se realiz\u00f3 un Homenaje por el d\u00eda del\/la trabajador\/a social en el que participaron autoridades, docentes y estudiantes.<\/p>\n<p>&nbsp;<\/p>\n<p><a href=\"https:\/\/www.facebook.com\/media\/set?vanity=filount&amp;set=a.1625861591083041\" target=\"_blank\" rel=\"noopener\">Ver fotos placa Homenaje Lucho Fal\u00fa<\/a><\/p>\n<p><a href=\"https:\/\/www.facebook.com\/page\/254943048174909\/search\/?q=derechos%20humanos\" target=\"_blank\" rel=\"noopener\">Ver fotos Mural Ciencias de la Educaci\u00f3n<\/a><\/p>\n<p><a href=\"https:\/\/www.facebook.com\/media\/set?vanity=filount&amp;set=a.1625896227746244\" target=\"_blank\" rel=\"noopener\">Ver fotos Jornadas DDHH tarde<\/a><\/p>\n","protected":false},"excerpt":{"rendered":"<p>En el marco de la Jornada Derechos Humanos y Universidad, durante el 10 de diciembre, se realizaron diversas actividades. Durante la ma\u00f1ana, se coloc\u00f3 una placa homenaje a Lucho Fal\u00fa, estudiante desaparecido de nuestra Facultad en \u00e1rbol plantado en su memoria el pasado 26 de marzo. Estuvieron presentes, adem\u00e1s de [&hellip;]<\/p>\n","protected":false},"author":3,"featured_media":7410,"comment_status":"closed","ping_status":"closed","sticky":false,"template":"","format":"standard","meta":{"footnotes":""},"categories":[16,6,12],"tags":[],"class_list":{"0":"post-7409","1":"post","2":"type-post","3":"status-publish","4":"format-standard","5":"has-post-thumbnail","6":"hentry","7":"category-espacio-cultural","8":"category-extension","9":"category-gestion","11":"post-with-thumbnail","12":"post-with-thumbnail-large"},"_links":{"self":[{"href":"https:\/\/filo.unt.edu.ar\/noticias\/wp-json\/wp\/v2\/posts\/7409","targetHints":{"allow":["GET"]}}],"collection":[{"href":"https:\/\/filo.unt.edu.ar\/noticias\/wp-json\/wp\/v2\/posts"}],"about":[{"href":"https:\/\/filo.unt.edu.ar\/noticias\/wp-json\/wp\/v2\/types\/post"}],"author":[{"embeddable":true,"href":"https:\/\/filo.unt.edu.ar\/noticias\/wp-json\/wp\/v2\/users\/3"}],"replies":[{"embeddable":true,"href":"https:\/\/filo.unt.edu.ar\/noticias\/wp-json\/wp\/v2\/comments?post=7409"}],"version-history":[{"count":3,"href":"https:\/\/filo.unt.edu.ar\/noticias\/wp-json\/wp\/v2\/posts\/7409\/revisions"}],"predecessor-version":[{"id":7489,"href":"https:\/\/filo.unt.edu.ar\/noticias\/wp-json\/wp\/v2\/posts\/7409\/revisions\/7489"}],"wp:featuredmedia":[{"embeddable":true,"href":"https:\/\/filo.unt.edu.ar\/noticias\/wp-json\/wp\/v2\/media\/7410"}],"wp:attachment":[{"href":"https:\/\/filo.unt.edu.ar\/noticias\/wp-json\/wp\/v2\/media?parent=7409"}],"wp:term":[{"taxonomy":"category","embeddable":true,"href":"https:\/\/filo.unt.edu.ar\/noticias\/wp-json\/wp\/v2\/categories?post=7409"},{"taxonomy":"post_tag","embeddable":true,"href":"https:\/\/filo.unt.edu.ar\/noticias\/wp-json\/wp\/v2\/tags?post=7409"}],"curies":[{"name":"wp","href":"https:\/\/api.w.org\/{rel}","templated":true}]}}