{"id":7376,"date":"2021-09-16T12:28:46","date_gmt":"2021-09-16T15:28:46","guid":{"rendered":"http:\/\/filo.unt.edu.ar\/noticias\/?p=7376"},"modified":"2021-12-22T15:47:52","modified_gmt":"2021-12-22T18:47:52","slug":"paulo-freire-aportes-teoricos-pedagogicos-y-metodologicos","status":"publish","type":"post","link":"https:\/\/filo.unt.edu.ar\/noticias\/2021\/09\/16\/paulo-freire-aportes-teoricos-pedagogicos-y-metodologicos\/","title":{"rendered":"Paulo Freire: aportes te\u00f3ricos, pedag\u00f3gicos y metodol\u00f3gicos"},"content":{"rendered":"<p>El 16 de septiembre se llev\u00f3 a cabo la Mesa Panel: \u201cPaulo Freire: aportes te\u00f3ricos, pedag\u00f3gicos y metodol\u00f3gicos\u201d. Expuso Mar\u00eda Eugenia Barros (UNT) y la presentaci\u00f3n estuvo a cargo de Daniel Y\u00e9pez (UNT y UNJu).<\/p>\n<p>La Mesa inici\u00f3 con una pregunta disparadora, propuesta por el Profesor Y\u00e9pez, en relaci\u00f3n a si hoy habr\u00eda que romantizarlo a Paulo Freire, en el sentido de verlo como una moda para estos tiempos. Luego, realiz\u00f3 otra pregunta respecto a los aportes te\u00f3ricos, pedag\u00f3gicos y metodol\u00f3gicos de Paulo Freire.<\/p>\n<p>A partir de estas preguntas reflexionaron acerca de que para entender (y leer cr\u00edticamente) la obra de Paulo Freire es imprescindible contextualizarlo en un momento socio-hist\u00f3rico, econ\u00f3mico y pol\u00edtico determinado, no solo a nivel Latinoamericano sino tambi\u00e9n a nivel global. En este sentido, sus primeras obras fueron producidas durante la d\u00e9cada del 60, en un Brasil caracterizado por un alto n\u00famero de pobreza, esclavitud, marginalidad, opresi\u00f3n y racismo. A nivel Latinoamericano se mencionan la Revoluci\u00f3n cubana, la Teolog\u00eda de la Liberaci\u00f3n, las teor\u00edas del Desarrollo, Subdesarrollo y de Dependencia, entre otros. Mientras que, desde una mirada global, encontramos hechos hist\u00f3ricos como el naciente Movimiento Hippie, la Descolonizaci\u00f3n en \u00c1frica, las luchas por los DD. HH. en Vietnam, entre otros.<\/p>\n<p>Todo ello condujo a uno de los aportes de las obras de Paulo Freire, mencionado por la Profesora Barros, y es que Freire es un hombre de sus tiempos. En palabras de la profesora: \u201cLo que escribi\u00f3 Freire no es ca\u00eddo del cielo, sino que es producto de su \u00e9poca, por eso se dice que Freire es un hombre de sus tiempos\u201d.<\/p>\n<p>Otro de los aportes tiene que ver con su escritura, caracterizada por Barros, como comprometida, responsable y jugada. Esto \u00faltimo en el sentido de que siempre se pronunci\u00f3 a favor de los y las oprimidos\/as, excluidos\/as, marginados\/as; en fin, aquellos\/as separados\/as del sistema. Lo que nos lleva a otro de sus aportes y es que Freire se pronuncia primeramente como un intelectual pol\u00edtico y despu\u00e9s pedag\u00f3gico.<\/p>\n<p>De estos intercambios surgieron otros aportes como: la revisi\u00f3n que realizaba Freire a sus propias obras luego de una cr\u00edtica que recib\u00eda; as\u00ed como tambi\u00e9n la incomodidad que producen sus obras, no solo para los opresores, al proponer superar el eurocentrismo para fomentar una nacionalidad latinoamericana, sino tambi\u00e9n en la medida que nos invita a cuestionar lo dado como natural.<\/p>\n<p>Por \u00faltimo, reflexionaron e intercambiaron ideas a partir de preguntas, realizadas por la audiencia del canal de YouTube, acerca de la colonizaci\u00f3n pedag\u00f3gica en este contexto de globalizaci\u00f3n de nuestros datos e informaci\u00f3n personal, la contextualizaci\u00f3n de los contenidos y la trasposici\u00f3n did\u00e1ctica y, finalmente, sobre el pensamiento esperanzador de Freire, dentro de la comunidad educativa, en estos tiempos de pandemia.<\/p>\n<p><a href=\"https:\/\/www.facebook.com\/filount\/posts\/1564948237174377\" target=\"_blank\" rel=\"noopener\">Ver Fotos<\/a><\/p>\n<p><a href=\"https:\/\/youtu.be\/YZzgWjmpQo0\" target=\"_blank\" rel=\"noopener\">Ver Video<\/a><\/p>\n","protected":false},"excerpt":{"rendered":"<p>El 16 de septiembre se llev\u00f3 a cabo la Mesa Panel: \u201cPaulo Freire: aportes te\u00f3ricos, pedag\u00f3gicos y metodol\u00f3gicos\u201d. Expuso Mar\u00eda Eugenia Barros (UNT) y la presentaci\u00f3n estuvo a cargo de Daniel Y\u00e9pez (UNT y UNJu). La Mesa inici\u00f3 con una pregunta disparadora, propuesta por el Profesor Y\u00e9pez, en relaci\u00f3n a [&hellip;]<\/p>\n","protected":false},"author":101013,"featured_media":7377,"comment_status":"closed","ping_status":"closed","sticky":false,"template":"","format":"standard","meta":{"footnotes":""},"categories":[20,8,12],"tags":[],"class_list":{"0":"post-7376","1":"post","2":"type-post","3":"status-publish","4":"format-standard","5":"has-post-thumbnail","6":"hentry","7":"category-congresofreire","8":"category-eventos-academicos","9":"category-gestion","11":"post-with-thumbnail","12":"post-with-thumbnail-large"},"_links":{"self":[{"href":"https:\/\/filo.unt.edu.ar\/noticias\/wp-json\/wp\/v2\/posts\/7376","targetHints":{"allow":["GET"]}}],"collection":[{"href":"https:\/\/filo.unt.edu.ar\/noticias\/wp-json\/wp\/v2\/posts"}],"about":[{"href":"https:\/\/filo.unt.edu.ar\/noticias\/wp-json\/wp\/v2\/types\/post"}],"author":[{"embeddable":true,"href":"https:\/\/filo.unt.edu.ar\/noticias\/wp-json\/wp\/v2\/users\/101013"}],"replies":[{"embeddable":true,"href":"https:\/\/filo.unt.edu.ar\/noticias\/wp-json\/wp\/v2\/comments?post=7376"}],"version-history":[{"count":3,"href":"https:\/\/filo.unt.edu.ar\/noticias\/wp-json\/wp\/v2\/posts\/7376\/revisions"}],"predecessor-version":[{"id":7505,"href":"https:\/\/filo.unt.edu.ar\/noticias\/wp-json\/wp\/v2\/posts\/7376\/revisions\/7505"}],"wp:featuredmedia":[{"embeddable":true,"href":"https:\/\/filo.unt.edu.ar\/noticias\/wp-json\/wp\/v2\/media\/7377"}],"wp:attachment":[{"href":"https:\/\/filo.unt.edu.ar\/noticias\/wp-json\/wp\/v2\/media?parent=7376"}],"wp:term":[{"taxonomy":"category","embeddable":true,"href":"https:\/\/filo.unt.edu.ar\/noticias\/wp-json\/wp\/v2\/categories?post=7376"},{"taxonomy":"post_tag","embeddable":true,"href":"https:\/\/filo.unt.edu.ar\/noticias\/wp-json\/wp\/v2\/tags?post=7376"}],"curies":[{"name":"wp","href":"https:\/\/api.w.org\/{rel}","templated":true}]}}