{"id":7332,"date":"2021-12-04T09:57:33","date_gmt":"2021-12-04T12:57:33","guid":{"rendered":"http:\/\/filo.unt.edu.ar\/noticias\/?p=7332"},"modified":"2021-12-22T13:46:44","modified_gmt":"2021-12-22T16:46:44","slug":"jornada-sentipensante","status":"publish","type":"post","link":"https:\/\/filo.unt.edu.ar\/noticias\/2021\/12\/04\/jornada-sentipensante\/","title":{"rendered":"Jornada Sentipensante"},"content":{"rendered":"<p>El viernes 3 de diciembre se llev\u00f3 a cabo la Jornada Sentipensante, encuentro art\u00edstico cultural y l\u00fadico con personas mayores. Estuvo organizada por la Secretar\u00eda de Extensi\u00f3n, el Voluntariado: Red de Apoyo a Personas Mayores y la Direcci\u00f3n de Adultos Mayores (Ministerio de Desarrollo Social de Tucum\u00e1n).<\/p>\n<p>Est\u00e1 actividad fue la s\u00edntesis del proceso virtuoso iniciado en junio de 2020 cuando se convoc\u00f3 a estudiantes para firmar parte del voluntariado. Luego de un proceso formativo que estuvo a cargo de la Direcci\u00f3n de Adultos mayores, y de la implementaci\u00f3n de estrategias de apoyo y acompa\u00f1amiento desde la virtualidad, las y los estudiantes pudieron integrarse a las actividades del Club de D\u00eda que funciona en el Predio Ferial del MDS de la provincia. En ese marco se implement\u00f3 un espacio de Ludoteca y actividades Intergeneracionales art\u00edsticas y culturales que se sumaron a las de teatro y coro, y que este d\u00eda se pudieron compartir con todo el p\u00fablico presente en el Espacio Cultural de la Facultad.<\/p>\n<p><a href=\"https:\/\/www.facebook.com\/media\/set?vanity=filount&amp;set=a.1621705381498662\" target=\"_blank\" rel=\"noopener\">Ver fotos<\/a><\/p>\n","protected":false},"excerpt":{"rendered":"<p>El viernes 3 de diciembre se llev\u00f3 a cabo la Jornada Sentipensante, encuentro art\u00edstico cultural y l\u00fadico con personas mayores. Estuvo organizada por la Secretar\u00eda de Extensi\u00f3n, el Voluntariado: Red de Apoyo a Personas Mayores y la Direcci\u00f3n de Adultos Mayores (Ministerio de Desarrollo Social de Tucum\u00e1n). Est\u00e1 actividad fue [&hellip;]<\/p>\n","protected":false},"author":3,"featured_media":7335,"comment_status":"closed","ping_status":"closed","sticky":false,"template":"","format":"standard","meta":{"footnotes":""},"categories":[6],"tags":[],"class_list":{"0":"post-7332","1":"post","2":"type-post","3":"status-publish","4":"format-standard","5":"has-post-thumbnail","6":"hentry","7":"category-extension","9":"post-with-thumbnail","10":"post-with-thumbnail-large"},"_links":{"self":[{"href":"https:\/\/filo.unt.edu.ar\/noticias\/wp-json\/wp\/v2\/posts\/7332","targetHints":{"allow":["GET"]}}],"collection":[{"href":"https:\/\/filo.unt.edu.ar\/noticias\/wp-json\/wp\/v2\/posts"}],"about":[{"href":"https:\/\/filo.unt.edu.ar\/noticias\/wp-json\/wp\/v2\/types\/post"}],"author":[{"embeddable":true,"href":"https:\/\/filo.unt.edu.ar\/noticias\/wp-json\/wp\/v2\/users\/3"}],"replies":[{"embeddable":true,"href":"https:\/\/filo.unt.edu.ar\/noticias\/wp-json\/wp\/v2\/comments?post=7332"}],"version-history":[{"count":3,"href":"https:\/\/filo.unt.edu.ar\/noticias\/wp-json\/wp\/v2\/posts\/7332\/revisions"}],"predecessor-version":[{"id":7360,"href":"https:\/\/filo.unt.edu.ar\/noticias\/wp-json\/wp\/v2\/posts\/7332\/revisions\/7360"}],"wp:featuredmedia":[{"embeddable":true,"href":"https:\/\/filo.unt.edu.ar\/noticias\/wp-json\/wp\/v2\/media\/7335"}],"wp:attachment":[{"href":"https:\/\/filo.unt.edu.ar\/noticias\/wp-json\/wp\/v2\/media?parent=7332"}],"wp:term":[{"taxonomy":"category","embeddable":true,"href":"https:\/\/filo.unt.edu.ar\/noticias\/wp-json\/wp\/v2\/categories?post=7332"},{"taxonomy":"post_tag","embeddable":true,"href":"https:\/\/filo.unt.edu.ar\/noticias\/wp-json\/wp\/v2\/tags?post=7332"}],"curies":[{"name":"wp","href":"https:\/\/api.w.org\/{rel}","templated":true}]}}