{"id":7301,"date":"2021-11-29T08:45:19","date_gmt":"2021-11-29T11:45:19","guid":{"rendered":"http:\/\/filo.unt.edu.ar\/noticias\/?p=7301"},"modified":"2021-12-02T13:55:29","modified_gmt":"2021-12-02T16:55:29","slug":"la-facultad-recibio-la-visita-del-embajador-de-la-republica-de-corea","status":"publish","type":"post","link":"https:\/\/filo.unt.edu.ar\/noticias\/2021\/11\/29\/la-facultad-recibio-la-visita-del-embajador-de-la-republica-de-corea\/","title":{"rendered":"La Facultad recibi\u00f3 la visita del Embajador de la Rep\u00fablica de Corea"},"content":{"rendered":"<div class=\"kvgmc6g5 cxmmr5t8 oygrvhab hcukyx3x c1et5uql ii04i59q\">\n<div dir=\"auto\">El 25 de noviembre recibimos al Sr. Embajador de la Rep\u00fablica de Corea en Argentina, Myung &#8211; soo Jan. La actividad se enmarc\u00f3 dentro de la primera visita oficial del dignatario a la Provincia y al Centro de Estudios de Asia y \u00c1frica con sede en nuestra Unidad Acad\u00e9mica.<\/div>\n<div dir=\"auto\"><\/div>\n<div dir=\"auto\">Jan fue recibido por la Decana, Dra. Mercedes Leal. Tambi\u00e9n estuvieron presentes el Secretario Acad\u00e9mico, Prof. Sergio Robin; la Presidenta de la Asociaci\u00f3n Argentina de Estudios Coreanos, Prof. Liliana Palacios; la Directora del Departamento de Geograf\u00eda, Prof. Clara Calvo; el Director del Centro de Estudios de Asia y \u00c1frica, Prof. Sergio Naesens; la Coordinadora de Lenguas para la Comunidad, Prof. Julia Stella; la Coordinadora de Relaciones Internacionales de la Facultad, Mg. Solana Mizrahi, la Lic. Adriana Younes; la Prof. Elena Sang Suum; autoridades provinciales y alumnos de idioma coreano.<\/div>\n<div dir=\"auto\"><\/div>\n<\/div>\n<div class=\"o9v6fnle cxmmr5t8 oygrvhab hcukyx3x c1et5uql ii04i59q\">\n<div dir=\"auto\">El objetivo de la reuni\u00f3n fue el de afianzar lazos culturales y educativos que posibiliten llevar a cabo proyectos y acciones de vinculaci\u00f3n acad\u00e9mica dentro del proceso de internacionalizaci\u00f3n que lleva a cabo la Facultad. Se destac\u00f3 la importancia del coreano en nuestra unidad acad\u00e9mica, que se ve manifestada principalmente en el gran n\u00famero de estudiantes que aprenden coreano en Lenguas para la Comunidad, y en las acciones que lleva a cabo el Centro de Estudios de Asia y \u00c1frica.<\/div>\n<\/div>\n<div dir=\"auto\"><\/div>\n<div dir=\"auto\"><a href=\"https:\/\/www.facebook.com\/filount\/posts\/1613511835651350\" target=\"_blank\" rel=\"noopener\">Ver Fotos<\/a><\/div>\n","protected":false},"excerpt":{"rendered":"<p>El 25 de noviembre recibimos al Sr. Embajador de la Rep\u00fablica de Corea en Argentina, Myung &#8211; soo Jan. La actividad se enmarc\u00f3 dentro de la primera visita oficial del dignatario a la Provincia y al Centro de Estudios de Asia y \u00c1frica con sede en nuestra Unidad Acad\u00e9mica. Jan [&hellip;]<\/p>\n","protected":false},"author":101013,"featured_media":7303,"comment_status":"closed","ping_status":"closed","sticky":false,"template":"","format":"standard","meta":{"footnotes":""},"categories":[12],"tags":[],"class_list":{"0":"post-7301","1":"post","2":"type-post","3":"status-publish","4":"format-standard","5":"has-post-thumbnail","6":"hentry","7":"category-gestion","9":"post-with-thumbnail","10":"post-with-thumbnail-large"},"_links":{"self":[{"href":"https:\/\/filo.unt.edu.ar\/noticias\/wp-json\/wp\/v2\/posts\/7301","targetHints":{"allow":["GET"]}}],"collection":[{"href":"https:\/\/filo.unt.edu.ar\/noticias\/wp-json\/wp\/v2\/posts"}],"about":[{"href":"https:\/\/filo.unt.edu.ar\/noticias\/wp-json\/wp\/v2\/types\/post"}],"author":[{"embeddable":true,"href":"https:\/\/filo.unt.edu.ar\/noticias\/wp-json\/wp\/v2\/users\/101013"}],"replies":[{"embeddable":true,"href":"https:\/\/filo.unt.edu.ar\/noticias\/wp-json\/wp\/v2\/comments?post=7301"}],"version-history":[{"count":1,"href":"https:\/\/filo.unt.edu.ar\/noticias\/wp-json\/wp\/v2\/posts\/7301\/revisions"}],"predecessor-version":[{"id":7302,"href":"https:\/\/filo.unt.edu.ar\/noticias\/wp-json\/wp\/v2\/posts\/7301\/revisions\/7302"}],"wp:featuredmedia":[{"embeddable":true,"href":"https:\/\/filo.unt.edu.ar\/noticias\/wp-json\/wp\/v2\/media\/7303"}],"wp:attachment":[{"href":"https:\/\/filo.unt.edu.ar\/noticias\/wp-json\/wp\/v2\/media?parent=7301"}],"wp:term":[{"taxonomy":"category","embeddable":true,"href":"https:\/\/filo.unt.edu.ar\/noticias\/wp-json\/wp\/v2\/categories?post=7301"},{"taxonomy":"post_tag","embeddable":true,"href":"https:\/\/filo.unt.edu.ar\/noticias\/wp-json\/wp\/v2\/tags?post=7301"}],"curies":[{"name":"wp","href":"https:\/\/api.w.org\/{rel}","templated":true}]}}