{"id":7235,"date":"2021-12-02T11:26:51","date_gmt":"2021-12-02T14:26:51","guid":{"rendered":"http:\/\/filo.unt.edu.ar\/noticias\/?p=7235"},"modified":"2021-12-03T10:10:13","modified_gmt":"2021-12-03T13:10:13","slug":"muestra-cultural-en-homenaje-a-paulo-freire","status":"publish","type":"post","link":"https:\/\/filo.unt.edu.ar\/noticias\/2021\/12\/02\/muestra-cultural-en-homenaje-a-paulo-freire\/","title":{"rendered":"Muestra Cultural en Homenaje a Paulo Freire"},"content":{"rendered":"<p>El s\u00e1bado 27 de noviembre de 9 a 12 hs., desde el \u00c1rea Educaci\u00f3n del Instituto CERPACU&nbsp; y en el marco del Homenaje a Paulo Freire, se realiz\u00f3 en el Espacio Cultural de la Facultad de Filosof\u00eda y Letras, la Muestra Cultural del Grupo Suzuki <em>&#8220;Violines en acci\u00f3n&#8221;.<\/em><\/p>\n<p><em>&#8220;Violines en acci\u00f3n&#8221;<\/em> es un grupo de ni\u00f1os y adolescentes a cargo de las profesoras Andrea Gonz\u00e1lez Racedo y Eugenia Haro, que se basan en el m\u00e9todo Suzuki para el aprendizaje de la m\u00fasica desde una pedagog\u00eda liberadora y como expresi\u00f3n del arte popular.&nbsp;Se trata de una propuesta de educaci\u00f3n alternativa para afianzar en ellos, conocimientos articulados con la praxis e identidad de los mismos.<\/p>\n<p>La muestra form\u00f3 parte del cierre de actividades 2021 del Instituto CERPACU y el discurso final estuvo a cargo de la Prof. Josefina Racedo, ex directora del CERPACU, quien enfatiz\u00f3 en la alegr\u00eda que implica el reencontrarse en un espacio acad\u00e9mico y que los protagonistas principales sean ni\u00f1os y adolescentes que producen m\u00fasica y simbolizan la esperanza de cambio y de nuevos desaf\u00edos a futuro.<\/p>\n<p>El evento &nbsp;finaliz\u00f3 con un repertorio de carnavalitos interpretados en viol\u00edn y piano.<\/p>\n<div dir=\"auto\"><a href=\"https:\/\/www.facebook.com\/filount\/posts\/1614498992219301?__cft__[0]=AZUmjfA4bbiKqo6HlC7m-BChR8UMocDzb1WM1encR8U_2AmaCMmAqOjH1qju-Dx8cktdt8SVm28NlK7FX6AOxtugen1ueYHSvzX4AyW7YDmYqBg1pVrKT7GOVKDhp_bQUFtFlCGgqUD1PnlTLJ8vpVYpmuKYA91F1toSCTo6aWPwFXuUnFTmP5EKkW2YHWlmYIg&amp;__tn__=%2CO%2CP-R\" target=\"_blank\" rel=\"noopener\">Ver Fotos<\/a><\/div>\n","protected":false},"excerpt":{"rendered":"<p>El s\u00e1bado 27 de noviembre de 9 a 12 hs., desde el \u00c1rea Educaci\u00f3n del Instituto CERPACU&nbsp; y en el marco del Homenaje a Paulo Freire, se realiz\u00f3 en el Espacio Cultural de la Facultad de Filosof\u00eda y Letras, la Muestra Cultural del Grupo Suzuki &#8220;Violines en acci\u00f3n&#8221;. &#8220;Violines en [&hellip;]<\/p>\n","protected":false},"author":101013,"featured_media":7328,"comment_status":"closed","ping_status":"closed","sticky":false,"template":"","format":"standard","meta":{"footnotes":""},"categories":[16,6],"tags":[],"class_list":{"0":"post-7235","1":"post","2":"type-post","3":"status-publish","4":"format-standard","5":"has-post-thumbnail","6":"hentry","7":"category-espacio-cultural","8":"category-extension","10":"post-with-thumbnail","11":"post-with-thumbnail-large"},"_links":{"self":[{"href":"https:\/\/filo.unt.edu.ar\/noticias\/wp-json\/wp\/v2\/posts\/7235","targetHints":{"allow":["GET"]}}],"collection":[{"href":"https:\/\/filo.unt.edu.ar\/noticias\/wp-json\/wp\/v2\/posts"}],"about":[{"href":"https:\/\/filo.unt.edu.ar\/noticias\/wp-json\/wp\/v2\/types\/post"}],"author":[{"embeddable":true,"href":"https:\/\/filo.unt.edu.ar\/noticias\/wp-json\/wp\/v2\/users\/101013"}],"replies":[{"embeddable":true,"href":"https:\/\/filo.unt.edu.ar\/noticias\/wp-json\/wp\/v2\/comments?post=7235"}],"version-history":[{"count":5,"href":"https:\/\/filo.unt.edu.ar\/noticias\/wp-json\/wp\/v2\/posts\/7235\/revisions"}],"predecessor-version":[{"id":7329,"href":"https:\/\/filo.unt.edu.ar\/noticias\/wp-json\/wp\/v2\/posts\/7235\/revisions\/7329"}],"wp:featuredmedia":[{"embeddable":true,"href":"https:\/\/filo.unt.edu.ar\/noticias\/wp-json\/wp\/v2\/media\/7328"}],"wp:attachment":[{"href":"https:\/\/filo.unt.edu.ar\/noticias\/wp-json\/wp\/v2\/media?parent=7235"}],"wp:term":[{"taxonomy":"category","embeddable":true,"href":"https:\/\/filo.unt.edu.ar\/noticias\/wp-json\/wp\/v2\/categories?post=7235"},{"taxonomy":"post_tag","embeddable":true,"href":"https:\/\/filo.unt.edu.ar\/noticias\/wp-json\/wp\/v2\/tags?post=7235"}],"curies":[{"name":"wp","href":"https:\/\/api.w.org\/{rel}","templated":true}]}}