{"id":7218,"date":"2021-11-20T10:40:12","date_gmt":"2021-11-20T13:40:12","guid":{"rendered":"http:\/\/filo.unt.edu.ar\/noticias\/?p=7218"},"modified":"2021-12-03T10:07:44","modified_gmt":"2021-12-03T13:07:44","slug":"visita-de-la-directora-del-observatorio-de-mujeres-y-violencias","status":"publish","type":"post","link":"https:\/\/filo.unt.edu.ar\/noticias\/2021\/11\/20\/visita-de-la-directora-del-observatorio-de-mujeres-y-violencias\/","title":{"rendered":"Visita de la Directora del Observatorio de Mujeres y Violencias"},"content":{"rendered":"<div class=\"\" data-block=\"true\" data-editor=\"hf21\" data-offset-key=\"9hfs4-0-0\">\n<div class=\"_1mf _1mj\" data-offset-key=\"9hfs4-0-0\"><span data-offset-key=\"9hfs4-0-0\">El viernes 19, la Decana de la Facultad, Dra. Mercedes Leal, y la Secretaria de Extensi\u00f3n, Lic. Graciela Yacuzzi , recibieron la visita de la Directora del Observatorio de Mujeres y Violencias por motivos de g\u00e9nero del Ministerio de Desarrollo Social, Ver\u00f3nica Ale, y de Mar\u00eda del Carmen Cuyi Carrillo. <\/span><\/div>\n<\/div>\n<div class=\"\" data-block=\"true\" data-editor=\"hf21\" data-offset-key=\"kuom-0-0\">\n<div class=\"_1mf _1mj\" data-offset-key=\"kuom-0-0\"><span data-offset-key=\"kuom-0-0\">&nbsp;<\/span><\/div>\n<\/div>\n<div class=\"\" data-block=\"true\" data-editor=\"hf21\" data-offset-key=\"c9v5k-0-0\">\n<div class=\"_1mf _1mj\" data-offset-key=\"c9v5k-0-0\"><span data-offset-key=\"c9v5k-0-0\">El objeto de la visita fue el de avanzar en la implementaci\u00f3n de una Encuesta que permitir\u00e1 saber qu\u00e9 nivel de conocimiento hay en nuestra provincia sobre los servicios de atenci\u00f3n y denuncia en tema de violencia. Este trabajo es producto de una articulaci\u00f3n con el Espacio de orientaci\u00f3n y capacitaci\u00f3n sobre violencia de g\u00e9nero que formamos en la facultad en 2016, a cargo del la Lic. Eva Fontdevila.<\/span><\/div>\n<\/div>\n<div class=\"\" data-block=\"true\" data-editor=\"hf21\" data-offset-key=\"cd15j-0-0\">\n<div class=\"_1mf _1mj\" data-offset-key=\"cd15j-0-0\"><span data-offset-key=\"cd15j-0-0\">&nbsp;<\/span><\/div>\n<\/div>\n<div class=\"\" data-block=\"true\" data-editor=\"hf21\" data-offset-key=\"c2bbu-0-0\">\n<div class=\"_1mf _1mj\" data-offset-key=\"c2bbu-0-0\"><span data-offset-key=\"c2bbu-0-0\">En el encuentro se intercambiaron inquietudes y desaf\u00edos sobre esta problem\u00e1tica social clave, y se cont\u00f3 con la participaci\u00f3n de Rossana Quinteros, del refugio Vilma Riveros, y Leandro Emmanuel Aramayo , de Gotitas de Ternura. <\/span>Tambi\u00e9n nos acompa\u00f1\u00f3 Cynthia Lema, referente del municipio de Taf\u00ed Viejo. <span style=\"color: initial\">Profundizar los v\u00ednculos institucionales y seguir tejiendo redes es clave para que la universidad p\u00fablica se comprometa realmente con los problemas de la comunidad.<\/span><\/div>\n<\/div>\n<div data-offset-key=\"c2bbu-0-0\"><span data-offset-key=\"c9v5k-0-0\"> A partir del 25 de noviembre la encuesta se encuentra publicada en la p\u00e1gina y las redes sociales de la Facultad. &nbsp;Se completa en 5 minutos, es an\u00f3nima y ayudar\u00e1 a pensar c\u00f3mo mejorar la atenci\u00f3n para seguir trabajando por una vida libre de violencias. Estar\u00e1 abierta hasta el 15 de diciembre de 2021 y una vez sistematizados los resultados, se compartir\u00e1n en nuestras redes.<\/span><\/div>\n<div data-offset-key=\"c2bbu-0-0\"><\/div>\n<div data-offset-key=\"c2bbu-0-0\">Acceda al formulario de la encuesta: https:\/\/docs.google.com\/forms\/d\/1jhft0ZHb_LxTQUp7x2bJVi99LL8yf0mWxs9f4xSAYSI\/edit<\/div>\n<div data-offset-key=\"6gvsd-0-0\"><\/div>\n<div data-offset-key=\"6gvsd-0-0\"><a href=\"https:\/\/www.facebook.com\/filount\/posts\/1608939426108591\" target=\"_blank\" rel=\"noopener\">Ver&nbsp; fotos<\/a><\/div>\n","protected":false},"excerpt":{"rendered":"<p>El viernes 19, la Decana de la Facultad, Dra. Mercedes Leal, y la Secretaria de Extensi\u00f3n, Lic. Graciela Yacuzzi , recibieron la visita de la Directora del Observatorio de Mujeres y Violencias por motivos de g\u00e9nero del Ministerio de Desarrollo Social, Ver\u00f3nica Ale, y de Mar\u00eda del Carmen Cuyi Carrillo. [&hellip;]<\/p>\n","protected":false},"author":3,"featured_media":7220,"comment_status":"closed","ping_status":"closed","sticky":false,"template":"","format":"standard","meta":{"footnotes":""},"categories":[14,6,12],"tags":[],"class_list":{"0":"post-7218","1":"post","2":"type-post","3":"status-publish","4":"format-standard","5":"has-post-thumbnail","6":"hentry","7":"category-destacadas","8":"category-extension","9":"category-gestion","11":"post-with-thumbnail","12":"post-with-thumbnail-large"},"_links":{"self":[{"href":"https:\/\/filo.unt.edu.ar\/noticias\/wp-json\/wp\/v2\/posts\/7218","targetHints":{"allow":["GET"]}}],"collection":[{"href":"https:\/\/filo.unt.edu.ar\/noticias\/wp-json\/wp\/v2\/posts"}],"about":[{"href":"https:\/\/filo.unt.edu.ar\/noticias\/wp-json\/wp\/v2\/types\/post"}],"author":[{"embeddable":true,"href":"https:\/\/filo.unt.edu.ar\/noticias\/wp-json\/wp\/v2\/users\/3"}],"replies":[{"embeddable":true,"href":"https:\/\/filo.unt.edu.ar\/noticias\/wp-json\/wp\/v2\/comments?post=7218"}],"version-history":[{"count":5,"href":"https:\/\/filo.unt.edu.ar\/noticias\/wp-json\/wp\/v2\/posts\/7218\/revisions"}],"predecessor-version":[{"id":7285,"href":"https:\/\/filo.unt.edu.ar\/noticias\/wp-json\/wp\/v2\/posts\/7218\/revisions\/7285"}],"wp:featuredmedia":[{"embeddable":true,"href":"https:\/\/filo.unt.edu.ar\/noticias\/wp-json\/wp\/v2\/media\/7220"}],"wp:attachment":[{"href":"https:\/\/filo.unt.edu.ar\/noticias\/wp-json\/wp\/v2\/media?parent=7218"}],"wp:term":[{"taxonomy":"category","embeddable":true,"href":"https:\/\/filo.unt.edu.ar\/noticias\/wp-json\/wp\/v2\/categories?post=7218"},{"taxonomy":"post_tag","embeddable":true,"href":"https:\/\/filo.unt.edu.ar\/noticias\/wp-json\/wp\/v2\/tags?post=7218"}],"curies":[{"name":"wp","href":"https:\/\/api.w.org\/{rel}","templated":true}]}}