{"id":7126,"date":"2021-10-28T11:06:35","date_gmt":"2021-10-28T14:06:35","guid":{"rendered":"http:\/\/filo.unt.edu.ar\/noticias\/?p=7126"},"modified":"2021-11-08T11:15:09","modified_gmt":"2021-11-08T14:15:09","slug":"nueva-colacion-de-grado","status":"publish","type":"post","link":"https:\/\/filo.unt.edu.ar\/noticias\/2021\/10\/28\/nueva-colacion-de-grado\/","title":{"rendered":"Nueva Colaci\u00f3n de Grado"},"content":{"rendered":"<div dir=\"auto\">El 27 de octubre, en el Anfiteatro Olga Doz de Plaza de la Facultad de Psicolog\u00eda, se realiz\u00f3 una nueva Colaci\u00f3n de Grado de la Facultad de Filosof\u00eda y Letras en la que se entregaron 43 t\u00edtulos de Profesor\/a, Licenciado\/a y T\u00e9cnico\/a.<\/div>\n<div dir=\"auto\"><\/div>\n<div dir=\"auto\">La ceremonia fue precedida por la Decana de la Facultad, Dra. Mercedes Leal; el Secretario Acad\u00e9mico, Prof. Sergio Robin; la Secretaria de Coordinaci\u00f3n y Fortalecimiento del Grado, Mg. N\u00e9lida Sibaldi; la Secretaria de Extensi\u00f3n, Lic. Graciela Yacuzzi; y la Coordinadora de Graduados, Prof. Victoria Molina.<\/div>\n<div dir=\"auto\"><\/div>\n<div dir=\"auto\">La decana, adem\u00e1s de felicitar a las y los egresados y sus familias, manifest\u00f3 el orgullo y la alegr\u00eda que siempre representaba para la facultad poder entregar t\u00edtulos, alegr\u00eda que se profundizaba en esa ocasi\u00f3n por el poder realizar una colaci\u00f3n de estas caracter\u00edsticas nuevamente de forma presencial. Record\u00f3 el reciente Congreso realizado por la Facultad por los 100 a\u00f1os del nacimiento del pensador Paulo Freire, destacando la vigencia actual de sus propuestas e invitando a las y los nuevos egresados a ser capaces de generar conocimiento cr\u00edtico desde una perspectiva humanista, a trabajar a favor del necesario desarrollo cultural y espiritual de nuestras sociedades, para demostrar que la\u00a0 Universidad puede ser transformadora.<\/div>\n<div dir=\"auto\"><\/div>\n<div dir=\"auto\">En representaci\u00f3n de las y los egresados tom\u00f3 la palabra Sofia Bruguera, de la carrera de Franc\u00e9s,\u00a0 quien destac\u00f3 la alegr\u00eda de poder estar recibiendo el t\u00edtulo &#8220;en mano&#8221; y no a trav\u00e9s de una ceremonia virtual. Agradeci\u00f3 el\u00a0 acompa\u00f1amiento de compa\u00f1eros\/as, familias y profesores\/as para poder llevar adelante el sinuoso camino que los estudios universitarios implican. Y concluy\u00f3 interpelando a sus colegas &#8220;<span style=\"font-size: revert;text-align: justify;text-indent: 36pt;color: initial\">hagamos honor a este documento que estamos recibiendo, pero no nos olvidemos que la calidad humana no viene incluida, trabajemos todos los d\u00edas para ser la clase de profesionales que tanto admiramos. No olvidemos tampoco, lo privilegiados que somos de haber terminado nuestras carreras en una Universidad p\u00fablica y de calidad como la nuestra&#8221;.<\/span><\/div>\n<div dir=\"auto\"><\/div>\n<div dir=\"auto\"><a href=\"https:\/\/www.facebook.com\/filount\/posts\/1592269137775620\" target=\"_blank\" rel=\"noopener\">VER FOTOS<\/a><\/div>\n","protected":false},"excerpt":{"rendered":"<p>El 27 de octubre, en el Anfiteatro Olga Doz de Plaza de la Facultad de Psicolog\u00eda, se realiz\u00f3 una nueva Colaci\u00f3n de Grado de la Facultad de Filosof\u00eda y Letras en la que se entregaron 43 t\u00edtulos de Profesor\/a, Licenciado\/a y T\u00e9cnico\/a. La ceremonia fue precedida por la Decana de [&hellip;]<\/p>\n","protected":false},"author":3,"featured_media":7129,"comment_status":"closed","ping_status":"closed","sticky":false,"template":"","format":"standard","meta":{"footnotes":""},"categories":[8,12],"tags":[],"class_list":{"0":"post-7126","1":"post","2":"type-post","3":"status-publish","4":"format-standard","5":"has-post-thumbnail","6":"hentry","7":"category-eventos-academicos","8":"category-gestion","10":"post-with-thumbnail","11":"post-with-thumbnail-large"},"_links":{"self":[{"href":"https:\/\/filo.unt.edu.ar\/noticias\/wp-json\/wp\/v2\/posts\/7126","targetHints":{"allow":["GET"]}}],"collection":[{"href":"https:\/\/filo.unt.edu.ar\/noticias\/wp-json\/wp\/v2\/posts"}],"about":[{"href":"https:\/\/filo.unt.edu.ar\/noticias\/wp-json\/wp\/v2\/types\/post"}],"author":[{"embeddable":true,"href":"https:\/\/filo.unt.edu.ar\/noticias\/wp-json\/wp\/v2\/users\/3"}],"replies":[{"embeddable":true,"href":"https:\/\/filo.unt.edu.ar\/noticias\/wp-json\/wp\/v2\/comments?post=7126"}],"version-history":[{"count":2,"href":"https:\/\/filo.unt.edu.ar\/noticias\/wp-json\/wp\/v2\/posts\/7126\/revisions"}],"predecessor-version":[{"id":7150,"href":"https:\/\/filo.unt.edu.ar\/noticias\/wp-json\/wp\/v2\/posts\/7126\/revisions\/7150"}],"wp:featuredmedia":[{"embeddable":true,"href":"https:\/\/filo.unt.edu.ar\/noticias\/wp-json\/wp\/v2\/media\/7129"}],"wp:attachment":[{"href":"https:\/\/filo.unt.edu.ar\/noticias\/wp-json\/wp\/v2\/media?parent=7126"}],"wp:term":[{"taxonomy":"category","embeddable":true,"href":"https:\/\/filo.unt.edu.ar\/noticias\/wp-json\/wp\/v2\/categories?post=7126"},{"taxonomy":"post_tag","embeddable":true,"href":"https:\/\/filo.unt.edu.ar\/noticias\/wp-json\/wp\/v2\/tags?post=7126"}],"curies":[{"name":"wp","href":"https:\/\/api.w.org\/{rel}","templated":true}]}}