{"id":7125,"date":"2021-10-18T18:11:00","date_gmt":"2021-10-18T21:11:00","guid":{"rendered":"http:\/\/filo.unt.edu.ar\/noticias\/?p=7125"},"modified":"2021-11-08T13:02:27","modified_gmt":"2021-11-08T16:02:27","slug":"presentacion-del-libro-paisaje-azucar-y-patrimonio","status":"publish","type":"post","link":"https:\/\/filo.unt.edu.ar\/noticias\/2021\/10\/18\/presentacion-del-libro-paisaje-azucar-y-patrimonio\/","title":{"rendered":"Presentaci\u00f3n del libro \u201cPaisaje, az\u00facar y patrimonio\u201d"},"content":{"rendered":"<div class=\"kvgmc6g5 cxmmr5t8 oygrvhab hcukyx3x c1et5uql ii04i59q\">\n<p dir=\"auto\">El viernes 15 de octubre se llev\u00f3 a cabo la presentaci\u00f3n de libro <strong>Paisaje, Az\u00facar y patrimonio. Historia del paisaje cultural de San Pablo, Tucum\u00e1n<\/strong>, de la Dra. Jacqueline Salim Grau.<\/p>\n<p dir=\"auto\"><span style=\"font-size: revert;color: initial\">La presentaci\u00f3n estuvo a cargo del Vicedecano de nuestra Facultad, Mg Santiago Bliss; de la Directora Acad\u00e9mica del Sello Editorial Humanitas, Dra. Elena Acevedo de Bomba; de la Dra. Perla Zusman, CONICET, Instituto de Geograf\u00eda, UBA; y de la Dra. M\u00f3nica Ferrari, CONICET, Instituto de Historia, FAU UNT. Y cont\u00f3 con los auspicios del <\/span><span style=\"font-size: revert;color: initial\">Instituto de Estudios Geogr\u00e1ficos de la Facultad, del <\/span><span style=\"font-size: revert;color: initial\">Observatorio del Paisaje de la UNT, del <\/span><span style=\"font-size: revert;color: initial\">Instituto de Investigaciones Territoriales y Tecnol\u00f3gicas para el Estudio y la Producci\u00f3n del H\u00e1bitat (CONICET-UNT), del <\/span><span style=\"font-size: revert;color: initial\">Comit\u00e9 Nacional para la Conservaci\u00f3n del Patrimonio Industrial- Argentina (TICCIH) y de la <\/span><span style=\"font-size: revert;color: initial\">Red Argentina del Paisaje, Nodo Tucum\u00e1n.<\/span><\/p>\n<\/div>\n<p class=\"o9v6fnle cxmmr5t8 oygrvhab hcukyx3x c1et5uql ii04i59q\"><strong style=\"font-size: revert;color: initial\">Paisaje, Az\u00facar y patrimonio. Historia del paisaje cultural de San Pablo, Tucum\u00e1n<\/strong><span style=\"font-size: revert;color: initial\"> aborda la historia del paisaje conformado en torno al ingenio azucarero de San Pablo, de los nuevos procesos de valoraci\u00f3n del que es objeto (desde el punto de vista patrimonial y tur\u00edstico) despu\u00e9s de su cierre como f\u00e1brica de az\u00facar.<\/span><\/p>\n<div dir=\"auto\">\n<p>La Directora del sello editorial<em> Humanitas <\/em>manifest\u00f3 que el libro se ha publicado en la serie <em>Tesis <\/em>que publica las tesis doctorales, textos cuidadosamente elaborados, comunicaciones acad\u00e9micas que implican un largo proceso de investigaci\u00f3n y maduraci\u00f3n, de lugar y tiempo diferidos entre autor y lectores. Se trata de publicaciones que ocurren en una espec\u00edfica comunidad discursiva que tiene temas, discursos, terminolog\u00eda y estilos comunicativos comunes.<\/p>\n<p>&#8220;<strong>El pr\u00f3logo es una invitaci\u00f3n a la lectura. <\/strong>En este caso, Perla Zusman, directora de la tesis, se\u00f1ala que \u201cEl paisaje es resultado de un conjunto de transformaciones territoriales\u201d llevados a cabo no s\u00f3lo por la familia Nougu\u00e9s sino por los trabajadores del surco, los obreros, los habitantes de San Pablo\u201d. Y con el pr\u00f3logo, vamos acerc\u00e1ndonos a los conceptos claves de Paisaje, Az\u00facar y Patrimonio. El paisaje como cronotopo; en efecto la autora se detendr\u00e1 en cuatro tipos de paisajes que se corresponden con cuatro momentos de la historia cultural: paisaje diversificado, agroazucarero, paisaje inerte y el post-industrial,&#8221; adelant\u00f3 la Dra. Bomba.\u00a0 \u00a0 \u00a0 \u00a0 \u00a0 \u00a0 \u00a0 \u00a0 \u00a0 \u00a0 \u00a0 \u00a0 \u00a0 \u00a0\u00a0 \u00a0 \u00a0 \u00a0 \u00a0 \u00a0 \u00a0 \u00a0 \u00a0 \u00a0 \u00a0 \u00a0 \u00a0 \u00a0\u00a0<\/p>\n<p>A modo de cierre, hubo un momento musical a cargo de <strong>Gonzalo Dano,<\/strong> m\u00fasico Tucumano, tenor, guitarrista y productor. M\u00fasico pero m\u00e1s amante de la m\u00fasica.<\/p>\n<p><a href=\"https:\/\/www.facebook.com\/filount\/posts\/1586385781697289\" target=\"_blank\" rel=\"noopener\">Ver Fotos<\/a><\/p>\n<p><strong style=\"font-size: revert;color: initial\">Dra. Perla Zusman<\/strong><\/p>\n<\/div>\n<p>Doctora en Geograf\u00eda Humana (Universidad Aut\u00f3noma de Barcelona). Mag\u00edster en Integraci\u00f3n de Am\u00e9rica Latina (Universidad de S\u00e3o Paulo). Investigadora Independiente del CONICET . Docente titular de la Facultad de Filosof\u00eda y Letras, UBA. Vicedirectora del Instituto de Geografia de la Universidad de Buenos Aires.<\/p>\n<p>Sus l\u00edneas de investigaci\u00f3n abordan la Historia de las tradiciones geogr\u00e1ficas en Argentina y Brasil; Formaci\u00f3n territorial en Argentina (del per\u00edodo colonial al de formaci\u00f3n de estado); Representaciones culturales del territorio y de las fronteras; Paisaje y patrimonio en tiempo de globalizaci\u00f3n en Argentina<em>.<\/em><\/p>\n<p><strong>Dra. M\u00f3nica Ferrari<\/strong><\/p>\n<p>Arquitecta. Doctora en historia del arte y gesti\u00f3n cultural del mundo hisp\u00e1nico por la Universidad Pablo de Olavide de Sevilla (UPO).<\/p>\n<p>Master en Instrumentos de gesti\u00f3n (UPO).<\/p>\n<p>Magister en historia de la arquitectura y el urbanismo latinoamericanos (UNT).<\/p>\n<p>Especialista en gesti\u00f3n cultural, patrimonio y turismo (Inst. Univ. Ortega y Gasset).<\/p>\n<p>Investigadora Independiente de CONICET- INTEPH-UNT.<\/p>\n<p>Profesora JTP del Instituto de Historia y Patrimonio. FAU- UNT. Directora de proyectos de investigaci\u00f3n en temas de paisaje cultural en la Quebrada de Humahuaca. PIUNT y CONICET: La preservaci\u00f3n de Purmamarca y su \u00e1rea de influencia\u201d2022-2024. Tiene m\u00e1s de 80 trabajos publicados entre art\u00edculos cient\u00edficos, cap\u00edtulos en libros y presentaciones a congresos.<\/p>\n<p><strong>Autora &#8211; <\/strong><strong>Dra. Jacqueline Salim Grau<\/strong><\/p>\n<p>Profesora y licenciada en Geograf\u00eda, Doctora en Ciencias Sociales (Orientaci\u00f3n Geograf\u00eda) por la Universidad Nacional de Tucum\u00e1n.<\/p>\n<p>M\u00e1ster en Conservaci\u00f3n y Gesti\u00f3n del Medio Natural. Espacios Naturales y Desarrollo Sostenible por la Universidad Internacional de Andaluc\u00eda. Espa\u00f1a.<\/p>\n<p>Directora del posgrado Especializaci\u00f3n en Turismo Cultural de la Regi\u00f3n del Noroeste Argentino de la UNT.<\/p>\n<p>Docente en la c\u00e1tedra Geograf\u00eda de los Espacios Urbanos y Rurales y del Seminario de Problem\u00e1tica territorial Urbana de la carrera de Geograf\u00eda.<\/p>\n<p>Investigadora del Instituto de Estudios Geogr\u00e1ficos y del Instituto de Investigaciones Territoriales y Tecnol\u00f3gicas para el Estudio y la Producci\u00f3n del H\u00e1bitat. (CONICET-UNT).<\/p>\n\n\n<p><\/p>\n","protected":false},"excerpt":{"rendered":"<p>El viernes 15 de octubre se llev\u00f3 a cabo la presentaci\u00f3n de libro Paisaje, Az\u00facar y patrimonio. Historia del paisaje cultural de San Pablo, Tucum\u00e1n, de la Dra. Jacqueline Salim Grau. La presentaci\u00f3n estuvo a cargo del Vicedecano de nuestra Facultad, Mg Santiago Bliss; de la Directora Acad\u00e9mica del Sello [&hellip;]<\/p>\n","protected":false},"author":101013,"featured_media":7167,"comment_status":"closed","ping_status":"closed","sticky":false,"template":"","format":"standard","meta":{"footnotes":""},"categories":[6,7],"tags":[],"class_list":{"0":"post-7125","1":"post","2":"type-post","3":"status-publish","4":"format-standard","5":"has-post-thumbnail","6":"hentry","7":"category-extension","8":"category-publicaciones","10":"post-with-thumbnail","11":"post-with-thumbnail-large"},"_links":{"self":[{"href":"https:\/\/filo.unt.edu.ar\/noticias\/wp-json\/wp\/v2\/posts\/7125","targetHints":{"allow":["GET"]}}],"collection":[{"href":"https:\/\/filo.unt.edu.ar\/noticias\/wp-json\/wp\/v2\/posts"}],"about":[{"href":"https:\/\/filo.unt.edu.ar\/noticias\/wp-json\/wp\/v2\/types\/post"}],"author":[{"embeddable":true,"href":"https:\/\/filo.unt.edu.ar\/noticias\/wp-json\/wp\/v2\/users\/101013"}],"replies":[{"embeddable":true,"href":"https:\/\/filo.unt.edu.ar\/noticias\/wp-json\/wp\/v2\/comments?post=7125"}],"version-history":[{"count":3,"href":"https:\/\/filo.unt.edu.ar\/noticias\/wp-json\/wp\/v2\/posts\/7125\/revisions"}],"predecessor-version":[{"id":7168,"href":"https:\/\/filo.unt.edu.ar\/noticias\/wp-json\/wp\/v2\/posts\/7125\/revisions\/7168"}],"wp:featuredmedia":[{"embeddable":true,"href":"https:\/\/filo.unt.edu.ar\/noticias\/wp-json\/wp\/v2\/media\/7167"}],"wp:attachment":[{"href":"https:\/\/filo.unt.edu.ar\/noticias\/wp-json\/wp\/v2\/media?parent=7125"}],"wp:term":[{"taxonomy":"category","embeddable":true,"href":"https:\/\/filo.unt.edu.ar\/noticias\/wp-json\/wp\/v2\/categories?post=7125"},{"taxonomy":"post_tag","embeddable":true,"href":"https:\/\/filo.unt.edu.ar\/noticias\/wp-json\/wp\/v2\/tags?post=7125"}],"curies":[{"name":"wp","href":"https:\/\/api.w.org\/{rel}","templated":true}]}}