{"id":7090,"date":"2021-10-30T11:14:31","date_gmt":"2021-10-30T14:14:31","guid":{"rendered":"http:\/\/filo.unt.edu.ar\/noticias\/?p=7090"},"modified":"2021-11-05T12:36:42","modified_gmt":"2021-11-05T15:36:42","slug":"homenaje-a-paola-tacacho","status":"publish","type":"post","link":"https:\/\/filo.unt.edu.ar\/noticias\/2021\/10\/30\/homenaje-a-paola-tacacho\/","title":{"rendered":"Homenaje a Paola Tacacho"},"content":{"rendered":"<div class=\"o9v6fnle cxmmr5t8 oygrvhab hcukyx3x c1et5uql ii04i59q\">\n<div dir=\"auto\">A un a\u00f1o de su femicidio, el viernes 29 de octubre, se realiz\u00f3 un acto homenaje a Paola Tacacho, profesora egresada de nuestra Instituci\u00f3n y estudiante de la Licenciatura en Ingl\u00e9s.<\/div>\n<\/div>\n<div dir=\"auto\"><\/div>\n<div dir=\"auto\">La ceremonia inici\u00f3 en el pasillo 400, con el descubrimiento de una placa con la leyenda &#8220;A un a\u00f1o del femicidio de Paola Tacacho, la Facultad de Filosof\u00eda y Letras exige justicia y renueva su compromiso de lucha contra las violencias de g\u00e9nero&#8221;.<\/div>\n<div class=\"o9v6fnle cxmmr5t8 oygrvhab hcukyx3x c1et5uql ii04i59q\">\n<div dir=\"auto\"><\/div>\n<div dir=\"auto\">Luego, en uno de los patios internos de la Facultad, se inaugur\u00f3 un mural y tomaron la palabra la Decana, Dra. Mercedes Leal; la madre de Paola, Mariela Tachacho; la Prof. M\u00f3nica D\u00edaz Romero, Directora del Departamento de Ingl\u00e9s; y Lourdes Burgos, delegada estudiantil de la carrera.<\/div>\n<\/div>\n<div dir=\"auto\"><\/div>\n<div dir=\"auto\">La Dra. Leal manifest\u00f3 que con esa actividad la Facultad mostraba su voluntad de &#8220;compartir con y acompa\u00f1ar a su familia, a sus colegas y a las organizaciones que participan del seguimiento de la causa&#8221;, adem\u00e1s de reafirmar el compromiso institucional con la tem\u00e1tica de g\u00e9nero y contra todas las violencias. &#8220;El hecho aberrante que recordamos hoy nos recuerda que las violencias de g\u00e9nero son una problem\u00e1tica social que requieren un compromiso integral, un mejor funcionamiento institucional y un trabajo comunitario intenso y sostenido. Nuestras docentes, nuestras estudiantes, no docentes y egresadas est\u00e1n trabajando activamente tanto dentro como fuera de la facultad para aportar a una sociedad sin violencia&#8221;, afirm\u00f3.<\/div>\n<div dir=\"auto\"><\/div>\n<div dir=\"auto\">La Prof. D\u00edaz Romero, en nombre del Departamento de Ingl\u00e9s, expres\u00f3 el repudio por el terrible femicidio de Paola. &#8220;Un a\u00f1o despu\u00e9s volvemos a hacer visible nuestro dolor, haci\u00e9ndonos voz por Paola, quien sigue y seguir\u00e1 presente en nuestro afecto&#8221;, sostuvo. Renov\u00f3 el compromiso con un cambio de paradigma que garantice la no violencia contra las mujeres y&nbsp; manifest\u00f3 el acompa\u00f1amiento a su madre, familiares, amigos\/as y colegas.<\/div>\n<div dir=\"auto\"><\/div>\n<div dir=\"auto\">Lourdes Bourgos record\u00f3 a Paola&nbsp; leyendo algunos mensajes expresados por amigos y amigas de Paola:&nbsp; &#8220;Siempre quedar\u00e1s en nuestras mentes y nuestros corazones con la determinaci\u00f3n y la sinceridad que te caracterizaron&#8221;. Adem\u00e1s present\u00f3 el mural afirmando &#8220;Hoy queremos expresarte nuestro cari\u00f1o mediante un sencillo mural que realizaron nuestros compa\u00f1eros&#8221;.<\/div>\n<div dir=\"auto\"><\/div>\n<div dir=\"auto\">Por su parte, Mariela Tacacho agradeci\u00f3 el homenaje, el afecto por su hija de quienes estaban presentes y remarc\u00f3 la importancia del acompa\u00f1amiento institucional en el seguimiento de la causa.<\/div>\n<div dir=\"auto\"><\/div>\n<div dir=\"auto\">\n<div class=\"o9v6fnle cxmmr5t8 oygrvhab hcukyx3x c1et5uql ii04i59q\">\n<div dir=\"auto\">El emotivo homenaje estuvo impulsado por familiares, amigos\/as, la mesa de apoyo a la causa, el Departamento de la carrera de Ingl\u00e9s y representantes estudiantiles de la carrera. Estuvieron presentes colegas, estudiantes, familiares y amigos\/as de Paola.<\/div>\n<div dir=\"auto\"><\/div>\n<\/div>\n<div dir=\"auto\"><a href=\"https:\/\/www.facebook.com\/filount\/posts\/1593700140965853\" target=\"_blank\" rel=\"noopener\">VER FOTOS<\/a><\/div>\n<div dir=\"auto\"><a href=\"https:\/\/www.facebook.com\/filount\/videos\/618122102558611\" target=\"_blank\" rel=\"noopener\">VER VIDEO<\/a><\/div>\n<\/div>\n","protected":false},"excerpt":{"rendered":"<p>A un a\u00f1o de su femicidio, el viernes 29 de octubre, se realiz\u00f3 un acto homenaje a Paola Tacacho, profesora egresada de nuestra Instituci\u00f3n y estudiante de la Licenciatura en Ingl\u00e9s. La ceremonia inici\u00f3 en el pasillo 400, con el descubrimiento de una placa con la leyenda &#8220;A un a\u00f1o [&hellip;]<\/p>\n","protected":false},"author":3,"featured_media":7091,"comment_status":"closed","ping_status":"closed","sticky":false,"template":"","format":"standard","meta":{"footnotes":""},"categories":[12],"tags":[],"class_list":{"0":"post-7090","1":"post","2":"type-post","3":"status-publish","4":"format-standard","5":"has-post-thumbnail","6":"hentry","7":"category-gestion","9":"post-with-thumbnail","10":"post-with-thumbnail-large"},"_links":{"self":[{"href":"https:\/\/filo.unt.edu.ar\/noticias\/wp-json\/wp\/v2\/posts\/7090","targetHints":{"allow":["GET"]}}],"collection":[{"href":"https:\/\/filo.unt.edu.ar\/noticias\/wp-json\/wp\/v2\/posts"}],"about":[{"href":"https:\/\/filo.unt.edu.ar\/noticias\/wp-json\/wp\/v2\/types\/post"}],"author":[{"embeddable":true,"href":"https:\/\/filo.unt.edu.ar\/noticias\/wp-json\/wp\/v2\/users\/3"}],"replies":[{"embeddable":true,"href":"https:\/\/filo.unt.edu.ar\/noticias\/wp-json\/wp\/v2\/comments?post=7090"}],"version-history":[{"count":5,"href":"https:\/\/filo.unt.edu.ar\/noticias\/wp-json\/wp\/v2\/posts\/7090\/revisions"}],"predecessor-version":[{"id":7105,"href":"https:\/\/filo.unt.edu.ar\/noticias\/wp-json\/wp\/v2\/posts\/7090\/revisions\/7105"}],"wp:featuredmedia":[{"embeddable":true,"href":"https:\/\/filo.unt.edu.ar\/noticias\/wp-json\/wp\/v2\/media\/7091"}],"wp:attachment":[{"href":"https:\/\/filo.unt.edu.ar\/noticias\/wp-json\/wp\/v2\/media?parent=7090"}],"wp:term":[{"taxonomy":"category","embeddable":true,"href":"https:\/\/filo.unt.edu.ar\/noticias\/wp-json\/wp\/v2\/categories?post=7090"},{"taxonomy":"post_tag","embeddable":true,"href":"https:\/\/filo.unt.edu.ar\/noticias\/wp-json\/wp\/v2\/tags?post=7090"}],"curies":[{"name":"wp","href":"https:\/\/api.w.org\/{rel}","templated":true}]}}