{"id":7086,"date":"2021-10-30T10:30:45","date_gmt":"2021-10-30T13:30:45","guid":{"rendered":"http:\/\/filo.unt.edu.ar\/noticias\/?p=7086"},"modified":"2021-11-05T12:38:33","modified_gmt":"2021-11-05T15:38:33","slug":"concluyo-el-ciclo-2021-del-cafe-literario","status":"publish","type":"post","link":"https:\/\/filo.unt.edu.ar\/noticias\/2021\/10\/30\/concluyo-el-ciclo-2021-del-cafe-literario\/","title":{"rendered":"Concluy\u00f3 el ciclo 2021 del Caf\u00e9 Literario"},"content":{"rendered":"<div dir=\"auto\">El s\u00e1bado 30 se llev\u00f3 a cabo el \u00faltimo Caf\u00e9 Literario y cultural del Virla del a\u00f1o.\u00a0En esta ocasi\u00f3n leyeron sus poemas Timo Berger, Iv\u00e1n Alejandro Serrano, Francisca Alarc\u00f3n, Mateo Diosque, Beto El\u00edas, Pedro Santos de Luca, Lucas Margarit y Karina Macci\u00f3.<\/div>\n<div dir=\"auto\"><\/div>\n<div dir=\"auto\">La organizaci\u00f3n y coordinaci\u00f3n estuvo a cargo del Dr. Guillermo Siles quien manifest\u00f3, respecto del ciclo 2021, que &#8220;el balance fue muy positivo porque gracias a la modalidad virtual se ampli\u00f3 la posibilidad de difundir una diversidad de autores y obras po\u00e9ticas. De hecho, en este \u00faltimo encuentro contamos con la presencia de poetas que participaron desde Alemania (Berger), Mercedes -Pcia. de Buenos Aires- (Santos de Luca) y Caba (Margarit &#8211; Macci\u00f3)&#8221;.<\/div>\n<div dir=\"auto\"><\/div>\n<div dir=\"auto\">Dentro de la modalidad virtual se realizaron los 4 encuentros del Caf\u00e9 Literario del a\u00f1o pasado y los realizados desde marzo hasta octubre de 2021, referidos a distintas tem\u00e1ticas -poes\u00eda y memoria, poes\u00eda y disidencia, poes\u00eda del Norte y el Sur, entre otros. &#8220;La virtualidad hizo posible, adem\u00e1s, acortar distancias e integrar poetas de las distintas regiones argentinas (Buenos Aires, C\u00f3rdoba, Santa Fe, Entre R\u00edos, Patagonia, Noroeste, etc). Y tambi\u00e9n\u00a0 contar con la presencia de poetas residentes en ciudades europeas y americanas (Par\u00eds, Madrid, Valencia, Nueva York, Alemania)&#8221; agreg\u00f3.\u00a0 Timo Berger, poeta traductor y gestor cultural, quien escribe en alem\u00e1n y castellano; la poeta mapuche Liliana Ancalao, que publica sus libros en espa\u00f1ol y mapuzungun, son algunos ejemplos significativos.<\/div>\n<div dir=\"auto\"><\/div>\n<div dir=\"auto\">El Caf\u00e9 literario y Cultural del Virla pudo entonces contar este a\u00f1o con figuras prominentes de la literatura argentina contenpor\u00e1nea: Mar\u00eda Negroni, Jorge Boccanera, Leopoldo Castilla, Luisa Futoransky, Andi Nachon, Daniel Freidemberg, Osvaldo Bossi, Claudia Masin, por solo mencionar algunos nombres. Sin embargo, nunca se perdi\u00f3 de vista uno de los principales objetivos de la propuesta: visibilizar y difundir la producci\u00f3n cultural local. &#8220;Por supuesto dimos prioridad a los tucumanos: In\u00e9s Ar\u00e1oz, Mario Melnik, Gabriel G\u00f3mez Saavedra y a un n\u00famero importante de poetas j\u00f3venes de nuestra provincia&#8221; afirm\u00f3 el coordinador del ciclo; y agreg\u00f3 &#8220;parte de estos autores integran una antolog\u00eda de poetas tucumanos nacidos entre 1960 y 1990, de pronta aparici\u00f3n, editada por el sello Humanitas de nuestra Facultad&#8221;.<\/div>\n<p><a href=\"https:\/\/www.facebook.com\/filount\/posts\/1595604664108734\" target=\"_blank\" rel=\"noopener\">VER FOTOS<\/a><\/p>\n","protected":false},"excerpt":{"rendered":"<p>El s\u00e1bado 30 se llev\u00f3 a cabo el \u00faltimo Caf\u00e9 Literario y cultural del Virla del a\u00f1o.\u00a0En esta ocasi\u00f3n leyeron sus poemas Timo Berger, Iv\u00e1n Alejandro Serrano, Francisca Alarc\u00f3n, Mateo Diosque, Beto El\u00edas, Pedro Santos de Luca, Lucas Margarit y Karina Macci\u00f3. La organizaci\u00f3n y coordinaci\u00f3n estuvo a cargo del [&hellip;]<\/p>\n","protected":false},"author":3,"featured_media":7087,"comment_status":"closed","ping_status":"closed","sticky":false,"template":"","format":"standard","meta":{"footnotes":""},"categories":[6],"tags":[],"class_list":{"0":"post-7086","1":"post","2":"type-post","3":"status-publish","4":"format-standard","5":"has-post-thumbnail","6":"hentry","7":"category-extension","9":"post-with-thumbnail","10":"post-with-thumbnail-large"},"_links":{"self":[{"href":"https:\/\/filo.unt.edu.ar\/noticias\/wp-json\/wp\/v2\/posts\/7086","targetHints":{"allow":["GET"]}}],"collection":[{"href":"https:\/\/filo.unt.edu.ar\/noticias\/wp-json\/wp\/v2\/posts"}],"about":[{"href":"https:\/\/filo.unt.edu.ar\/noticias\/wp-json\/wp\/v2\/types\/post"}],"author":[{"embeddable":true,"href":"https:\/\/filo.unt.edu.ar\/noticias\/wp-json\/wp\/v2\/users\/3"}],"replies":[{"embeddable":true,"href":"https:\/\/filo.unt.edu.ar\/noticias\/wp-json\/wp\/v2\/comments?post=7086"}],"version-history":[{"count":3,"href":"https:\/\/filo.unt.edu.ar\/noticias\/wp-json\/wp\/v2\/posts\/7086\/revisions"}],"predecessor-version":[{"id":7106,"href":"https:\/\/filo.unt.edu.ar\/noticias\/wp-json\/wp\/v2\/posts\/7086\/revisions\/7106"}],"wp:featuredmedia":[{"embeddable":true,"href":"https:\/\/filo.unt.edu.ar\/noticias\/wp-json\/wp\/v2\/media\/7087"}],"wp:attachment":[{"href":"https:\/\/filo.unt.edu.ar\/noticias\/wp-json\/wp\/v2\/media?parent=7086"}],"wp:term":[{"taxonomy":"category","embeddable":true,"href":"https:\/\/filo.unt.edu.ar\/noticias\/wp-json\/wp\/v2\/categories?post=7086"},{"taxonomy":"post_tag","embeddable":true,"href":"https:\/\/filo.unt.edu.ar\/noticias\/wp-json\/wp\/v2\/tags?post=7086"}],"curies":[{"name":"wp","href":"https:\/\/api.w.org\/{rel}","templated":true}]}}