{"id":7079,"date":"2021-10-13T12:49:58","date_gmt":"2021-10-13T15:49:58","guid":{"rendered":"http:\/\/filo.unt.edu.ar\/noticias\/?p=7079"},"modified":"2021-11-08T12:19:12","modified_gmt":"2021-11-08T15:19:12","slug":"entrega-de-premios-concurso-de-ensayos-paulo-freire","status":"publish","type":"post","link":"https:\/\/filo.unt.edu.ar\/noticias\/2021\/10\/13\/entrega-de-premios-concurso-de-ensayos-paulo-freire\/","title":{"rendered":"Se entregaron los premios del Concurso de Ensayos Paulo Freire"},"content":{"rendered":"<p>El mi\u00e9rcoles 13 de octubre, en el marco de un desayuno de camarader\u00eda, la&nbsp; Decana, Mercedes Leal, y el Vicedecano, Santiago Rex Bliss, se reunieron con los\/las ganadores del Concurso de Ensayos \u201cAbordajes Territoriales desde una Perspectiva Freireana y de la Educaci\u00f3n Popular\u201d&nbsp; y el jurado del mismo.<\/p>\n<p>El concurso estuvo destinado a trabajadores del Estado y se realizo de manera conjunta junto a los ministerios de Educaci\u00f3n y Desarrollo Social de la Provincia de Tucum\u00e1n, en el marco del Congreso Latinoamericano Paulo Freire&nbsp; &#8220;Transitar su legado: un acto de justicia&#8221;.<\/p>\n<p>El orden al merito de los ensayos fue el siguiente:<\/p>\n<p>El primer lugar para Ramos N\u00e9stor,&nbsp; de la Direcci\u00f3n de Adultos Mayores \u2013 Ministerio de Desarrollo Social de la Provincia de Tucum\u00e1n, con su ensayo sobre &#8220;Educaci\u00f3n Popular y Autonom\u00eda en el trabajo con personas mayores. Jornada IntergeneracIonal \u201cNuestro Lugar\u201d.<br \/>\nEl segundo lugar lo obtuvo&nbsp; Mar\u00eda de los \u00c1ngeles Lujam que retrato en su trabajo el -&#8220;Proyecto Nina: Educaci\u00f3n Popular e Identitaria en la Escuela Primaria Nina Velardez de Los Pocitos.<\/p>\n<p>Mientras que el tercer lugar, fue para Monica Nieva del Ministerio de Desarrollo Social con su ensayo &#8220;Avanzar desde la perspectiva freireana.<\/p>\n<p>Tambi\u00e9n, hubo una menci\u00f3n especial al ensayo &#8220;Estrategias pedag\u00f3gicas freireanas, aplicables en escuelas de zonas urbano-marginales de San Miguel de Tucum\u00e1n, cuyo autor es el Profesor Aberto Daniel Ammar de la Esc. Secundaria Costanera.<\/p>\n<p>El concurso fue convocado como parte de las actividades que se llevaron a cado durante el Congreso Latinoamericano Paulo Freire que se realiz\u00f3 en septiembre a cumplirse 100 a\u00f1os del nacimiento del pedagogo brasilero.<\/p>\n<p><a href=\"https:\/\/www.facebook.com\/media\/set\/?vanity=filount&amp;set=a.1581538448848689\" target=\"_blank\" rel=\"noopener\">VER FOTOS.-<\/a><\/p>\n","protected":false},"excerpt":{"rendered":"<p>El mi\u00e9rcoles 13 de octubre, en el marco de un desayuno de camarader\u00eda, la&nbsp; Decana, Mercedes Leal, y el Vicedecano, Santiago Rex Bliss, se reunieron con los\/las ganadores del Concurso de Ensayos \u201cAbordajes Territoriales desde una Perspectiva Freireana y de la Educaci\u00f3n Popular\u201d&nbsp; y el jurado del mismo. El concurso [&hellip;]<\/p>\n","protected":false},"author":101021,"featured_media":7080,"comment_status":"closed","ping_status":"closed","sticky":false,"template":"","format":"standard","meta":{"footnotes":""},"categories":[8,6],"tags":[],"class_list":{"0":"post-7079","1":"post","2":"type-post","3":"status-publish","4":"format-standard","5":"has-post-thumbnail","6":"hentry","7":"category-eventos-academicos","8":"category-extension","10":"post-with-thumbnail","11":"post-with-thumbnail-large"},"_links":{"self":[{"href":"https:\/\/filo.unt.edu.ar\/noticias\/wp-json\/wp\/v2\/posts\/7079","targetHints":{"allow":["GET"]}}],"collection":[{"href":"https:\/\/filo.unt.edu.ar\/noticias\/wp-json\/wp\/v2\/posts"}],"about":[{"href":"https:\/\/filo.unt.edu.ar\/noticias\/wp-json\/wp\/v2\/types\/post"}],"author":[{"embeddable":true,"href":"https:\/\/filo.unt.edu.ar\/noticias\/wp-json\/wp\/v2\/users\/101021"}],"replies":[{"embeddable":true,"href":"https:\/\/filo.unt.edu.ar\/noticias\/wp-json\/wp\/v2\/comments?post=7079"}],"version-history":[{"count":5,"href":"https:\/\/filo.unt.edu.ar\/noticias\/wp-json\/wp\/v2\/posts\/7079\/revisions"}],"predecessor-version":[{"id":7120,"href":"https:\/\/filo.unt.edu.ar\/noticias\/wp-json\/wp\/v2\/posts\/7079\/revisions\/7120"}],"wp:featuredmedia":[{"embeddable":true,"href":"https:\/\/filo.unt.edu.ar\/noticias\/wp-json\/wp\/v2\/media\/7080"}],"wp:attachment":[{"href":"https:\/\/filo.unt.edu.ar\/noticias\/wp-json\/wp\/v2\/media?parent=7079"}],"wp:term":[{"taxonomy":"category","embeddable":true,"href":"https:\/\/filo.unt.edu.ar\/noticias\/wp-json\/wp\/v2\/categories?post=7079"},{"taxonomy":"post_tag","embeddable":true,"href":"https:\/\/filo.unt.edu.ar\/noticias\/wp-json\/wp\/v2\/tags?post=7079"}],"curies":[{"name":"wp","href":"https:\/\/api.w.org\/{rel}","templated":true}]}}