{"id":7075,"date":"2021-10-22T12:44:58","date_gmt":"2021-10-22T15:44:58","guid":{"rendered":"http:\/\/filo.unt.edu.ar\/noticias\/?p=7075"},"modified":"2021-11-11T11:34:04","modified_gmt":"2021-11-11T14:34:04","slug":"el-oximoron-de-piazzolla-en-el-espacio-cultural-de-filo","status":"publish","type":"post","link":"https:\/\/filo.unt.edu.ar\/noticias\/2021\/10\/22\/el-oximoron-de-piazzolla-en-el-espacio-cultural-de-filo\/","title":{"rendered":"El Ox\u00edmoron de Piazzolla en el Espacio Cultural de Filo"},"content":{"rendered":"<div class=\"kvgmc6g5 cxmmr5t8 oygrvhab hcukyx3x c1et5uql ii04i59q\">\n<div dir=\"auto\">El viernes 22 de octubre se llev\u00f3 a cabo el concierto \u201cEl Ox\u00edmoron de Piazzolla\u201d, a cargo de la Orquesta Sinf\u00f3nica de la UNT -con el maestro Buffo en la direcci\u00f3n-, en el Espacio Cultural Filosof\u00eda y Letras.<\/div>\n<div dir=\"auto\"><\/div>\n<\/div>\n<div class=\"o9v6fnle cxmmr5t8 oygrvhab hcukyx3x c1et5uql ii04i59q\">\n<div dir=\"auto\">Este homenaje, a 100 a\u00f1os del nacimiento del genio compositor, reuni\u00f3 distintas expresiones art\u00edsticas de nuestra Universidad. La danza estuvo interpretada por Gabriela Dos Santos y Luciana Villafa\u00f1e; y la literatura se hizo presente en las voces de Gabriela Palazzo, Jos\u00e9 Mar\u00eda Risso Nieva y Susana Sal\u00edm. Se disfrut\u00f3 tambi\u00e9n de la muestra del despiece de una guitarra, desde la carrera de Luther\u00eda de la Facultad de Artes.<\/div>\n<div dir=\"auto\"><\/div>\n<\/div>\n<div class=\"o9v6fnle cxmmr5t8 oygrvhab hcukyx3x c1et5uql ii04i59q\">\n<div dir=\"auto\">Estuvieron presentes la Decana de la Facultad, Mercedes Leal, el rector Ing. Jos\u00e9 Garc\u00eda, el gabinete de gesti\u00f3n , la Decana de la Facultad de Artes, Estela Noli y el Decano de Ciencias Naturales, Hugo Rafer. Acompa\u00f1aron tambi\u00e9n el Secretario de Sidetec, la consejera superior, Sandra M\u00e1rquez, y los\/as alumnos\/as del curso Sonidos de la Historia.<\/div>\n<div dir=\"auto\"><\/div>\n<\/div>\n<div class=\"o9v6fnle cxmmr5t8 oygrvhab hcukyx3x c1et5uql ii04i59q\">\n<div dir=\"auto\">La actividad fue organizada por el Espacio Cultural de nuestra Facultad, y desde la coordinaci\u00f3n manifestaron: \u201cla tarea de toda creaci\u00f3n art\u00edstica e intelectual incluye forjar nuevas oportunidades para otros imaginarios, otros lenguajes, otras vivencias corporales, elevar nuestros esp\u00edritus rompiendo el molde de lo posible, de lo dado.&#8221;<a href=\"https:\/\/www.facebook.com\/filount\/posts\/1590544754614725\" target=\"_blank\" rel=\"noopener\">VER FOTOS.-<\/a><\/p>\n<\/div>\n<\/div>\n","protected":false},"excerpt":{"rendered":"<p>El viernes 22 de octubre se llev\u00f3 a cabo el concierto \u201cEl Ox\u00edmoron de Piazzolla\u201d, a cargo de la Orquesta Sinf\u00f3nica de la UNT -con el maestro Buffo en la direcci\u00f3n-, en el Espacio Cultural Filosof\u00eda y Letras. Este homenaje, a 100 a\u00f1os del nacimiento del genio compositor, reuni\u00f3 distintas [&hellip;]<\/p>\n","protected":false},"author":101021,"featured_media":7076,"comment_status":"closed","ping_status":"closed","sticky":false,"template":"","format":"standard","meta":{"footnotes":""},"categories":[16],"tags":[],"class_list":{"0":"post-7075","1":"post","2":"type-post","3":"status-publish","4":"format-standard","5":"has-post-thumbnail","6":"hentry","7":"category-espacio-cultural","9":"post-with-thumbnail","10":"post-with-thumbnail-large"},"_links":{"self":[{"href":"https:\/\/filo.unt.edu.ar\/noticias\/wp-json\/wp\/v2\/posts\/7075","targetHints":{"allow":["GET"]}}],"collection":[{"href":"https:\/\/filo.unt.edu.ar\/noticias\/wp-json\/wp\/v2\/posts"}],"about":[{"href":"https:\/\/filo.unt.edu.ar\/noticias\/wp-json\/wp\/v2\/types\/post"}],"author":[{"embeddable":true,"href":"https:\/\/filo.unt.edu.ar\/noticias\/wp-json\/wp\/v2\/users\/101021"}],"replies":[{"embeddable":true,"href":"https:\/\/filo.unt.edu.ar\/noticias\/wp-json\/wp\/v2\/comments?post=7075"}],"version-history":[{"count":3,"href":"https:\/\/filo.unt.edu.ar\/noticias\/wp-json\/wp\/v2\/posts\/7075\/revisions"}],"predecessor-version":[{"id":7111,"href":"https:\/\/filo.unt.edu.ar\/noticias\/wp-json\/wp\/v2\/posts\/7075\/revisions\/7111"}],"wp:featuredmedia":[{"embeddable":true,"href":"https:\/\/filo.unt.edu.ar\/noticias\/wp-json\/wp\/v2\/media\/7076"}],"wp:attachment":[{"href":"https:\/\/filo.unt.edu.ar\/noticias\/wp-json\/wp\/v2\/media?parent=7075"}],"wp:term":[{"taxonomy":"category","embeddable":true,"href":"https:\/\/filo.unt.edu.ar\/noticias\/wp-json\/wp\/v2\/categories?post=7075"},{"taxonomy":"post_tag","embeddable":true,"href":"https:\/\/filo.unt.edu.ar\/noticias\/wp-json\/wp\/v2\/tags?post=7075"}],"curies":[{"name":"wp","href":"https:\/\/api.w.org\/{rel}","templated":true}]}}