{"id":7053,"date":"2021-10-26T12:55:59","date_gmt":"2021-10-26T15:55:59","guid":{"rendered":"http:\/\/filo.unt.edu.ar\/noticias\/?p=7053"},"modified":"2021-11-04T13:18:57","modified_gmt":"2021-11-04T16:18:57","slug":"nueva-edicion-del-ciclo-con-estas-bocas-en-este-mundo","status":"publish","type":"post","link":"https:\/\/filo.unt.edu.ar\/noticias\/2021\/10\/26\/nueva-edicion-del-ciclo-con-estas-bocas-en-este-mundo\/","title":{"rendered":"Nueva edici\u00f3n del Ciclo &#8220;Con estas bocas, en este mundo&#8221;"},"content":{"rendered":"<div class=\"o9v6fnle cxmmr5t8 oygrvhab hcukyx3x c1et5uql ii04i59q\">\n<p dir=\"auto\">El domingo 24 de octubre se realiz\u00f3 la quinta edici\u00f3n del ciclo (virtual) de lecturas y entrevistas literarias denominado: \u201cCon estas bocas, en este mundo\u201d.<\/p>\n<p dir=\"auto\"><span style=\"font-size: revert;color: initial\">El evento, organizado por RELA (Red de Estudios de las Literaturas de la Argentina) y coordinado -en esta ocasi\u00f3n- por Gabriela S\u00e1nchez (UNSJP), Diego Su\u00e1rez (UADER) y Ver\u00f3nica Juliano (UNT), cont\u00f3 con la presencia de Luisa Peluffo, Roberto Malatesta, Gabriela Bosso y Natalia Crespo quienes leyeron fragmentos selectos de su obra literaria y dialogaron en torno a su praxis escrituraria y a sus preocupaciones est\u00e9ticas y pol\u00edtico-culturales.<\/span><\/p>\n<\/div>\n<p dir=\"auto\"><strong>Luisa Peluffo<\/strong> (Buenos Aires\/R\u00edo Negro) Escritora y periodista. Curs\u00f3 estudios en la Escuela Nacional de Bellas Artes. En el a\u00f1o 1977 se traslad\u00f3 a la ciudad de San Carlos de Bariloche, provincia de R\u00edo Negro, donde reside desde entonces. En 1988 obtuvo la beca Creaci\u00f3n en Narrativa otorgada por el Fondo Nacional de las Artes. Ha colaborado en diarios y revistas de Buenos Aires y en el Diario R\u00edo Negro. Dicta Seminarios de Literatura y Escritura Creativa. Distinciones y Premios: 2008\u00a0\u00a0Premio \u00danico a Novela In\u00e9dita del Gobierno de la\u00a0 Ciudad de Buenos Aires por NADIE BAILA EL TANGO. 2006 Reconocimiento a la trayectoria\u00a0 por parte de la Subsecretar\u00eda de Cultura de la Municipalidad de San Carlos de Bariloche en el D\u00eda Internacional de la Mujer, Bariloche, R\u00edo Negro. 2005 Finalista en el II Certamen de Novela \u201cJos\u00e9 Saramago\u201d de Cantabria, Santander, Espa\u00f1a. 2005\u00a0 3\u00ba Premio Instituto Nacional del Teatro, por la obra SI CANTA UN GALLO. Jurado: Griselda Gambaro, Patricia Zangaro y Alejandro Finzi; entre otros.<\/p>\n<p dir=\"auto\"><strong>Roberto Malatesta<\/strong>, poeta. Naci\u00f3 en Santa Fe, en 1961. Colabora con el diario El Litoral, revista Fenix y Omero Poes\u00eda, entre otros.<br \/>\nLibros de poemas publicados: &#8220;De las Cosas Blancas&#8221; (1984) &#8220;Casa al Sur&#8217; (1987) ambos ediciones Mainumb\u00ed, &#8220;La Prueba de la Soledad&#8221; (1991) ediciones de la Universidad Cat\u00f3lica de Sta. Fe, reeditado parcialmente por ediciones del Arca del Sur (1995) &#8220;Del Cuidado de la Altura del N\u00edspero&#8221; (1992) &#8220;Las Vacas y otros Poemas&#8221; (1994), ediciones de la nada, \u00e9ste \u00faltimo Premio Municipal de Sta. Fe. , &#8220;Flores Bajo la Lluvia&#8221; (1998) ediciones del Dock; &#8220;No importa el fr\u00edo&#8221; (Ediciones El Arca del Sur, 2003); Por encima de los techos (Ed. Leviat\u00e1n, 2003) y &#8220;Cuadernos del no hacer nada&#8221; (Sigamos Enamoradas, 2009). Form\u00f3 parte de antolog\u00edas editadas por la Universidad Nacional del Litoral .Obtuvo el primer premio en Poes\u00eda a\u00f1o 1995 de la Literaturprojekt La Belle -revista alemana-. y el tercer premio &#8220;Poeta en Nueva York&#8221; en Nueva York (USA), entre otras distinciones.<\/p>\n<p dir=\"auto\"><strong>Gabriela Bosso<\/strong> (Tucum\u00e1n). Escritora y documentalista tucumana. Contadora de historias ficticias y reales. Entre sus producciones, encontramos los documentales\u00a0<em>Divino ni\u00f1o<\/em>\u00a0y\u00a0<em>Seis letras.<\/em> Adem\u00e1s, public\u00f3 dos libros en Lima:\u00a0<em>Musha<\/em>\u00a0y\u00a0<em>Acerca de Judas.<\/em> Tambi\u00e9n escribi\u00f3 varios cuentos compilados en\u00a0<em>Gracias totales<\/em>, tributo a Soda Stereo,\u00a0<em>Cuarentena: historias para no salir de casa<\/em>, entre otros.<\/p>\n<p dir=\"auto\"><strong>Natalia Crespo<\/strong> (Buenos Aires). Narradora e investigadora argentina. <em>Con perd\u00f3n de la palabra<\/em>, publicada por la editorial Obloshka en 2019. <em>Jot\u00f3n<\/em> (Modesto Rimba, 2016), <em>Parodias al canon<\/em>\u00a0(Corregidor, 2011) y numerosos cuentos y ensayos. Sus textos figuran en distintas antolog\u00edas y revistas literarias. Ha recibido, entre otras distinciones, el Premio J\u00f3venes Cuentistas del Cono Sur (Colihue, 1999), el Premio Victoria Urbano de Creaci\u00f3n (Letras femeninas) y el Tercer Premio del Fondo Nacional de las Artes (Categor\u00eda ensayo, 2011).<\/p>\n<div dir=\"auto\"><span style=\"font-size: revert;color: initial\">Diverso, plural y federal, el ciclo tendr\u00e1 una nueva edici\u00f3n en el mes de noviembre, la \u00faltima del per\u00edodo 2021.<\/span><\/div>\n<p dir=\"auto\"><a href=\"https:\/\/www.facebook.com\/filount\/posts\/1591975601138307\" target=\"_blank\" rel=\"noopener\">Ver Fotos<\/a><\/p>\n","protected":false},"excerpt":{"rendered":"<p>El domingo 24 de octubre se realiz\u00f3 la quinta edici\u00f3n del ciclo (virtual) de lecturas y entrevistas literarias denominado: \u201cCon estas bocas, en este mundo\u201d. El evento, organizado por RELA (Red de Estudios de las Literaturas de la Argentina) y coordinado -en esta ocasi\u00f3n- por Gabriela S\u00e1nchez (UNSJP), Diego Su\u00e1rez [&hellip;]<\/p>\n","protected":false},"author":101013,"featured_media":7054,"comment_status":"closed","ping_status":"closed","sticky":false,"template":"","format":"standard","meta":{"footnotes":""},"categories":[6],"tags":[],"class_list":{"0":"post-7053","1":"post","2":"type-post","3":"status-publish","4":"format-standard","5":"has-post-thumbnail","6":"hentry","7":"category-extension","9":"post-with-thumbnail","10":"post-with-thumbnail-large"},"_links":{"self":[{"href":"https:\/\/filo.unt.edu.ar\/noticias\/wp-json\/wp\/v2\/posts\/7053","targetHints":{"allow":["GET"]}}],"collection":[{"href":"https:\/\/filo.unt.edu.ar\/noticias\/wp-json\/wp\/v2\/posts"}],"about":[{"href":"https:\/\/filo.unt.edu.ar\/noticias\/wp-json\/wp\/v2\/types\/post"}],"author":[{"embeddable":true,"href":"https:\/\/filo.unt.edu.ar\/noticias\/wp-json\/wp\/v2\/users\/101013"}],"replies":[{"embeddable":true,"href":"https:\/\/filo.unt.edu.ar\/noticias\/wp-json\/wp\/v2\/comments?post=7053"}],"version-history":[{"count":3,"href":"https:\/\/filo.unt.edu.ar\/noticias\/wp-json\/wp\/v2\/posts\/7053\/revisions"}],"predecessor-version":[{"id":7058,"href":"https:\/\/filo.unt.edu.ar\/noticias\/wp-json\/wp\/v2\/posts\/7053\/revisions\/7058"}],"wp:featuredmedia":[{"embeddable":true,"href":"https:\/\/filo.unt.edu.ar\/noticias\/wp-json\/wp\/v2\/media\/7054"}],"wp:attachment":[{"href":"https:\/\/filo.unt.edu.ar\/noticias\/wp-json\/wp\/v2\/media?parent=7053"}],"wp:term":[{"taxonomy":"category","embeddable":true,"href":"https:\/\/filo.unt.edu.ar\/noticias\/wp-json\/wp\/v2\/categories?post=7053"},{"taxonomy":"post_tag","embeddable":true,"href":"https:\/\/filo.unt.edu.ar\/noticias\/wp-json\/wp\/v2\/tags?post=7053"}],"curies":[{"name":"wp","href":"https:\/\/api.w.org\/{rel}","templated":true}]}}