{"id":705,"date":"2016-10-27T12:50:26","date_gmt":"2016-10-27T15:50:26","guid":{"rendered":"http:\/\/filo.unt.edu.ar\/noticias\/?p=705"},"modified":"2016-11-01T13:36:32","modified_gmt":"2016-11-01T16:36:32","slug":"departamento-de-publicaciones-de-filosofia-y-letras","status":"publish","type":"post","link":"https:\/\/filo.unt.edu.ar\/noticias\/2016\/10\/27\/departamento-de-publicaciones-de-filosofia-y-letras\/","title":{"rendered":"Publicaciones de Filosof\u00eda y Letras present\u00f3 un nuevo libro."},"content":{"rendered":"<p>El Departamento de Publicaciones mantiene una\u00a0intensa actividad que se refleja en el importante n\u00famero de obras editadas. Da cuenta de esto los 15 libros publicados durante el a\u00f1o 2016 que son un significativo aporte no s\u00f3lo a la difusi\u00f3n del conocimiento producido en nuestra casa de estudio, sino tambi\u00e9n del quehacer cultural de la Regi\u00f3n del Noroeste Argentino.<br \/>\n<!--more--><\/p>\n<p>En esta tarea tambi\u00e9n colabora la Librer\u00eda Humanitas que, en su nuevo local, adem\u00e1s de exhibir \u00a0las producciones del Departamento de Publicaciones de la Facultad, distribuye obras de otras Editoriales acad\u00e9micas.<\/p>\n<p>La publicaci\u00f3n de una obra editada por nuestra Facultad permite que la Universidad entable relaci\u00f3n con la comunidad de la que forma parte y por eso siempre es motivo de celebraci\u00f3n. Un ejemplo claro fue la presentaci\u00f3n del libro de la Mg. Mary Esther Gardella, <em>Todos somos hijos de la misma historia,<\/em> realizada el jueves 13 de octubre en el Centro Cultural Virla.<\/p>\n<p><em>Todos somos hijos de la misma historia<\/em> \u00a0surge de la Tesis de Maestr\u00eda de la autora y presenta un an\u00e1lisis sobre las tensiones y potencialidades del encuentro articulado entre la Agrupaci\u00f3n H.I.J.O.S. Tucum\u00e1n y los estudiantes de Ciencias de la Comunicaci\u00f3n de la UNT, para la producci\u00f3n de estrategias de comunicaci\u00f3n en relaci\u00f3n al VI Juicio de Lesa Humanidad-Megacausa Tucum\u00e1n. En tal sentido, su importancia, tal como lo expres\u00f3 la Decana, Mercedes Leal, en la mesa que presidi\u00f3 la presentaci\u00f3n, radica en que \u201cconstituye una reconstrucci\u00f3n cr\u00edtica de suceso y evidencias de un pasado doloroso de nuestro pa\u00eds \u00a0(\u2026.) problem\u00e1tica que pudo convertise en contenido de aprendizaje para estudiantes y graduados.\u201d<\/p>\n<p>La presentaci\u00f3n estuvo cargada de emotividad y participaron representantes de del equipo de soporte ayuda a hijos de desaparecidos, de H.I.J.O.S Tucum\u00e1n; de estudiante de Ciencias de la Comunicaci\u00f3n y del Colectivo La Palta<\/p>\n<p><a href=\"https:\/\/www.facebook.com\/254943048174909\/photos\/?tab=album&amp;album_id=364100447259168\">VER \u00c1LBUM\u00a0<em>Presentaci\u00f3n Libro &#8220;Todos somos hijos de la misma historia&#8221;<\/em><\/a><\/p>\n<p>Ver otras\u00a0<a href=\"http:\/\/filo.unt.edu.ar\/noticias\/publicaciones\/\">Publicaciones<\/a>.<\/p>\n<p>&nbsp;<\/p>\n","protected":false},"excerpt":{"rendered":"<p>El Departamento de Publicaciones mantiene una\u00a0intensa actividad que se refleja en el importante n\u00famero de obras editadas. Da cuenta de esto los 15 libros publicados durante el a\u00f1o 2016 que son un significativo aporte no s\u00f3lo a la difusi\u00f3n del conocimiento producido en nuestra casa de estudio, sino tambi\u00e9n del [&hellip;]<\/p>\n","protected":false},"author":101013,"featured_media":800,"comment_status":"closed","ping_status":"closed","sticky":false,"template":"","format":"standard","meta":{"footnotes":""},"categories":[7],"tags":[],"class_list":{"0":"post-705","1":"post","2":"type-post","3":"status-publish","4":"format-standard","5":"has-post-thumbnail","6":"hentry","7":"category-publicaciones","9":"post-with-thumbnail","10":"post-with-thumbnail-large"},"_links":{"self":[{"href":"https:\/\/filo.unt.edu.ar\/noticias\/wp-json\/wp\/v2\/posts\/705","targetHints":{"allow":["GET"]}}],"collection":[{"href":"https:\/\/filo.unt.edu.ar\/noticias\/wp-json\/wp\/v2\/posts"}],"about":[{"href":"https:\/\/filo.unt.edu.ar\/noticias\/wp-json\/wp\/v2\/types\/post"}],"author":[{"embeddable":true,"href":"https:\/\/filo.unt.edu.ar\/noticias\/wp-json\/wp\/v2\/users\/101013"}],"replies":[{"embeddable":true,"href":"https:\/\/filo.unt.edu.ar\/noticias\/wp-json\/wp\/v2\/comments?post=705"}],"version-history":[{"count":9,"href":"https:\/\/filo.unt.edu.ar\/noticias\/wp-json\/wp\/v2\/posts\/705\/revisions"}],"predecessor-version":[{"id":801,"href":"https:\/\/filo.unt.edu.ar\/noticias\/wp-json\/wp\/v2\/posts\/705\/revisions\/801"}],"wp:featuredmedia":[{"embeddable":true,"href":"https:\/\/filo.unt.edu.ar\/noticias\/wp-json\/wp\/v2\/media\/800"}],"wp:attachment":[{"href":"https:\/\/filo.unt.edu.ar\/noticias\/wp-json\/wp\/v2\/media?parent=705"}],"wp:term":[{"taxonomy":"category","embeddable":true,"href":"https:\/\/filo.unt.edu.ar\/noticias\/wp-json\/wp\/v2\/categories?post=705"},{"taxonomy":"post_tag","embeddable":true,"href":"https:\/\/filo.unt.edu.ar\/noticias\/wp-json\/wp\/v2\/tags?post=705"}],"curies":[{"name":"wp","href":"https:\/\/api.w.org\/{rel}","templated":true}]}}