{"id":7049,"date":"2021-10-15T12:42:06","date_gmt":"2021-10-15T15:42:06","guid":{"rendered":"http:\/\/filo.unt.edu.ar\/noticias\/?p=7049"},"modified":"2021-11-08T12:26:27","modified_gmt":"2021-11-08T15:26:27","slug":"el-instituto-de-epistemologia-brindo-una-nueva-charla-abierta","status":"publish","type":"post","link":"https:\/\/filo.unt.edu.ar\/noticias\/2021\/10\/15\/el-instituto-de-epistemologia-brindo-una-nueva-charla-abierta\/","title":{"rendered":"El Instituto de Epistemolog\u00eda brind\u00f3 una nueva Charla Abierta"},"content":{"rendered":"<div class=\"o9v6fnle cxmmr5t8 oygrvhab hcukyx3x c1et5uql ii04i59q\">\n<p dir=\"auto\">El 13 de octubre se realiz\u00f3 la Charla Abierta &#8220;\u00c9tica y objetividad en el pragmatismo de Hilary Putnam&#8221;, a cargo de la Lic. Laura Di Santo, CONICET &#8211; UNT, integrante del Instituto de Estudios Antropol\u00f3gicos de nuestra Facultad y de la Red de Fil\u00f3sofas de Am\u00e9rica Latina.<\/p>\n<\/div>\n<p dir=\"auto\">Hilary Putnam fue un\u00a0fil\u00f3sofo,\u00a0matem\u00e1tico\u00a0e\u00a0inform\u00e1tico te\u00f3rico\u00a0estadounidense. Hizo aportaciones interesantes a la\u00a0filosof\u00eda de la mente, la\u00a0filosof\u00eda del lenguaje, la\u00a0filosof\u00eda de la ciencia\u00a0y el\u00a0pragmatismo.<sup id=\"cite_ref-CR_2-0\" class=\"reference separada\"><\/sup>\u00a0Fue conocido por aplicar un alto grado de escrutinio a sus propias teor\u00edas filos\u00f3ficas, a las cuales somet\u00eda a un riguroso an\u00e1lisis hasta encontrar sus puntos flacos.<sup id=\"cite_ref-King170_3-0\" class=\"reference separada\"><\/sup>\u200b Como consecuencia de ello, adquiri\u00f3 la reputaci\u00f3n de cambiar con cierta frecuencia la postura que defend\u00eda.<sup id=\"cite_ref-4\" class=\"reference separada\"><\/sup>\u200b<\/p>\n<p dir=\"auto\"><span style=\"font-size: revert;color: initial\">La misma fue organizada por el <\/span><a class=\"oajrlxb2 g5ia77u1 qu0x051f esr5mh6w e9989ue4 r7d6kgcz rq0escxv nhd2j8a9 nc684nl6 p7hjln8o kvgmc6g5 cxmmr5t8 oygrvhab hcukyx3x jb3vyjys rz4wbd8a qt6c0cv9 a8nywdso i1ao9s8h esuyzwwr f1sip0of lzcic4wl q66pz984 gpro0wi8 b1v8xokw\" style=\"font-size: revert\" role=\"link\" href=\"https:\/\/www.facebook.com\/IEP16?__cft__[0]=AZX1Q8RS3fNHqdCfOLlkEN5GRQPMWts9sRRIeHTDoXApXmLiIY1sn0GHMxbxVbzL-MWU5iCL7V3APmqaNcwCIX3oTRyLyESH-2U1u5weOlzztOmd7ongwwc__C6SJyzj0arziByfb5YKdTWzUCMk-NT5uwsq4tF70GcOgsCz8HY6AlBpzgVQBDhsmn4KSgC0igY&amp;__tn__=-]K-R\"><span class=\"nc684nl6\">Instituto de Epistemolog\u00eda &#8211; UNT<\/span><\/a><\/p>\n<p dir=\"auto\">La pr\u00f3xima Charla Abierta del Instituto, ser\u00e1 <span style=\"color: initial\">&#8220;Wittgenstein y la mente animal \u00bfhay esperanzas para los perros?&#8221;, a cargo del <\/span><span style=\"color: initial\">Dr. Andr\u00e9s Crelier (Conicet &#8211; UNMdP), el <\/span><span style=\"color: initial\">viernes 3 de diciembre a las<\/span><span style=\"color: initial\">\u00a019 Hs.<\/span><\/p>\n<p dir=\"auto\"><a href=\"https:\/\/www.facebook.com\/filount\/posts\/1583378998664634\" target=\"_blank\" rel=\"noopener\">Ver Fotos<\/a><\/p>\n","protected":false},"excerpt":{"rendered":"<p>El 13 de octubre se realiz\u00f3 la Charla Abierta &#8220;\u00c9tica y objetividad en el pragmatismo de Hilary Putnam&#8221;, a cargo de la Lic. Laura Di Santo, CONICET &#8211; UNT, integrante del Instituto de Estudios Antropol\u00f3gicos de nuestra Facultad y de la Red de Fil\u00f3sofas de Am\u00e9rica Latina. Hilary Putnam fue [&hellip;]<\/p>\n","protected":false},"author":101013,"featured_media":7051,"comment_status":"closed","ping_status":"closed","sticky":false,"template":"","format":"standard","meta":{"footnotes":""},"categories":[6,18],"tags":[],"class_list":{"0":"post-7049","1":"post","2":"type-post","3":"status-publish","4":"format-standard","5":"has-post-thumbnail","6":"hentry","7":"category-extension","8":"category-investigacion","10":"post-with-thumbnail","11":"post-with-thumbnail-large"},"_links":{"self":[{"href":"https:\/\/filo.unt.edu.ar\/noticias\/wp-json\/wp\/v2\/posts\/7049","targetHints":{"allow":["GET"]}}],"collection":[{"href":"https:\/\/filo.unt.edu.ar\/noticias\/wp-json\/wp\/v2\/posts"}],"about":[{"href":"https:\/\/filo.unt.edu.ar\/noticias\/wp-json\/wp\/v2\/types\/post"}],"author":[{"embeddable":true,"href":"https:\/\/filo.unt.edu.ar\/noticias\/wp-json\/wp\/v2\/users\/101013"}],"replies":[{"embeddable":true,"href":"https:\/\/filo.unt.edu.ar\/noticias\/wp-json\/wp\/v2\/comments?post=7049"}],"version-history":[{"count":3,"href":"https:\/\/filo.unt.edu.ar\/noticias\/wp-json\/wp\/v2\/posts\/7049\/revisions"}],"predecessor-version":[{"id":7153,"href":"https:\/\/filo.unt.edu.ar\/noticias\/wp-json\/wp\/v2\/posts\/7049\/revisions\/7153"}],"wp:featuredmedia":[{"embeddable":true,"href":"https:\/\/filo.unt.edu.ar\/noticias\/wp-json\/wp\/v2\/media\/7051"}],"wp:attachment":[{"href":"https:\/\/filo.unt.edu.ar\/noticias\/wp-json\/wp\/v2\/media?parent=7049"}],"wp:term":[{"taxonomy":"category","embeddable":true,"href":"https:\/\/filo.unt.edu.ar\/noticias\/wp-json\/wp\/v2\/categories?post=7049"},{"taxonomy":"post_tag","embeddable":true,"href":"https:\/\/filo.unt.edu.ar\/noticias\/wp-json\/wp\/v2\/tags?post=7049"}],"curies":[{"name":"wp","href":"https:\/\/api.w.org\/{rel}","templated":true}]}}