{"id":6960,"date":"2021-08-25T12:59:36","date_gmt":"2021-08-25T15:59:36","guid":{"rendered":"http:\/\/filo.unt.edu.ar\/noticias\/?p=6960"},"modified":"2021-09-03T16:34:25","modified_gmt":"2021-09-03T19:34:25","slug":"el-ateneo-de-generos-capacito-a-jugadores-del-club-san-martin","status":"publish","type":"post","link":"https:\/\/filo.unt.edu.ar\/noticias\/2021\/08\/25\/el-ateneo-de-generos-capacito-a-jugadores-del-club-san-martin\/","title":{"rendered":"El Ateneo de G\u00e9neros capacit\u00f3 a jugadores del Club San Mart\u00edn"},"content":{"rendered":"<p>El martes 24, integrantes del Ateneo de g\u00e9neros y diversidades de Filosof\u00eda y Letras capacit\u00f3 a jugadores del Club Atl\u00e9tico San Mart\u00edn. Estuvieron presentes directivos del Club; la Mg. N\u00e9lida Sibaldi -Secretaria de Coordinaci\u00f3n y Fortalecimiento del Grado-; y la Lic. Julia Salda\u00f1o -Coordinadora de Relaciones Institucionales-.<\/p>\n<p>La capacitaci\u00f3n estuvo a cargo de las profesoras Eva Fontdevila y Silvina Vaca Oviedo, los estudiantes Santiago Barrionuevo y Pedro Janin y la egresada Emilse Marteau. Durante la jornada los jugadores participaron activamente relatando experiencias y reflexionando sobre las representaciones de g\u00e9neros sedimentadas en nuestra sociedad.<\/p>\n<p>Esta capacitaci\u00f3n se enmarca en el acta acuerdo firmada el pasado 7 de mayo entre la Facultad y la Comisi\u00f3n directiva del mencionado Club.<\/p>\n<p><span style=\"text-decoration: underline;color: #3366ff\"><a style=\"color: #3366ff;text-decoration: underline\" href=\"https:\/\/www.facebook.com\/media\/set\/?vanity=filount&amp;set=a.1546526822349852\" target=\"_blank\" rel=\"noopener\">Ver Fotos<\/a><\/span><\/p>\n","protected":false},"excerpt":{"rendered":"<p>El martes 24, integrantes del Ateneo de g\u00e9neros y diversidades de Filosof\u00eda y Letras capacit\u00f3 a jugadores del Club Atl\u00e9tico San Mart\u00edn. Estuvieron presentes directivos del Club; la Mg. N\u00e9lida Sibaldi -Secretaria de Coordinaci\u00f3n y Fortalecimiento del Grado-; y la Lic. Julia Salda\u00f1o -Coordinadora de Relaciones Institucionales-. La capacitaci\u00f3n estuvo [&hellip;]<\/p>\n","protected":false},"author":3,"featured_media":6961,"comment_status":"closed","ping_status":"closed","sticky":false,"template":"","format":"standard","meta":{"footnotes":""},"categories":[6],"tags":[],"class_list":{"0":"post-6960","1":"post","2":"type-post","3":"status-publish","4":"format-standard","5":"has-post-thumbnail","6":"hentry","7":"category-extension","9":"post-with-thumbnail","10":"post-with-thumbnail-large"},"_links":{"self":[{"href":"https:\/\/filo.unt.edu.ar\/noticias\/wp-json\/wp\/v2\/posts\/6960","targetHints":{"allow":["GET"]}}],"collection":[{"href":"https:\/\/filo.unt.edu.ar\/noticias\/wp-json\/wp\/v2\/posts"}],"about":[{"href":"https:\/\/filo.unt.edu.ar\/noticias\/wp-json\/wp\/v2\/types\/post"}],"author":[{"embeddable":true,"href":"https:\/\/filo.unt.edu.ar\/noticias\/wp-json\/wp\/v2\/users\/3"}],"replies":[{"embeddable":true,"href":"https:\/\/filo.unt.edu.ar\/noticias\/wp-json\/wp\/v2\/comments?post=6960"}],"version-history":[{"count":3,"href":"https:\/\/filo.unt.edu.ar\/noticias\/wp-json\/wp\/v2\/posts\/6960\/revisions"}],"predecessor-version":[{"id":7008,"href":"https:\/\/filo.unt.edu.ar\/noticias\/wp-json\/wp\/v2\/posts\/6960\/revisions\/7008"}],"wp:featuredmedia":[{"embeddable":true,"href":"https:\/\/filo.unt.edu.ar\/noticias\/wp-json\/wp\/v2\/media\/6961"}],"wp:attachment":[{"href":"https:\/\/filo.unt.edu.ar\/noticias\/wp-json\/wp\/v2\/media?parent=6960"}],"wp:term":[{"taxonomy":"category","embeddable":true,"href":"https:\/\/filo.unt.edu.ar\/noticias\/wp-json\/wp\/v2\/categories?post=6960"},{"taxonomy":"post_tag","embeddable":true,"href":"https:\/\/filo.unt.edu.ar\/noticias\/wp-json\/wp\/v2\/tags?post=6960"}],"curies":[{"name":"wp","href":"https:\/\/api.w.org\/{rel}","templated":true}]}}