{"id":6938,"date":"2021-08-30T08:16:00","date_gmt":"2021-08-30T11:16:00","guid":{"rendered":"http:\/\/filo.unt.edu.ar\/noticias\/?p=6938"},"modified":"2021-11-11T11:19:43","modified_gmt":"2021-11-11T14:19:43","slug":"jornadas-conociendo-filo","status":"publish","type":"post","link":"https:\/\/filo.unt.edu.ar\/noticias\/2021\/08\/30\/jornadas-conociendo-filo\/","title":{"rendered":"Jornadas &#8220;Conociendo Filo&#8221;"},"content":{"rendered":"<p>El viernes 20 se llev\u00f3 a cabo el primer encuentro de &#8220;Conociendo Filo&#8221;, una jornada dirigida a los y las ingresantes 2021 de la Facultad , quienes fueron recibidos por la decana, Mercedes Leal, miembros de su gabinete, y la presidenta del Centro \u00danico de Estudiantes, Guadalupe Fern\u00e1ndez.<br \/>\nLuego, se realiz\u00f3 un recorrido por los sitios m\u00e1s significativos de la Casa de Altos Estudios para conocer su historia; y por \u00faltimo, se propuso un espacio de intercambio y di\u00e1logo para compartir vivencias y experiencias sobre las implicaciones de ser estudiantes en este contexto.<\/p>\n<p>Del mismo modo, el viernes 27, se ofreci\u00f3 el mismo recorrido a dos grupos (turno ma\u00f1ana y tarde), quienes adem\u00e1s pudieron disfrutar de un peque\u00f1o concierto en piano ofrecido por el director de la Orquesta de la UNT, Mstro. Dr. Roberto Buffo.<\/p>\n<p>La actividad, organizada por el Espacio Cultural y el CUEFyL, realizar\u00e1 dos nuevos encuentros el 3 y 10 de Septiembre, con grupos reducidos, teniendo en cuenta la situaci\u00f3n epidemiol\u00f3gica.<\/p>\n<p><span style=\"text-decoration: underline;color: #3366ff\"><a style=\"color: #3366ff;text-decoration: underline\" href=\"https:\/\/www.facebook.com\/filount\/photos\/a.1543091399360061\/1543088716026996\" target=\"_blank\" rel=\"noopener\">Ver Fotos viernes 20\/8<\/a><\/span><\/p>\n<p><span style=\"text-decoration: underline\"><span style=\"color: #3366ff\"><a style=\"color: #3366ff;text-decoration: underline\" href=\"https:\/\/www.facebook.com\/filount\/posts\/1545132949155906\" target=\"_blank\" rel=\"noopener\">Ver Video 20\/8<\/a><\/span><\/span><\/p>\n<p><span style=\"text-decoration: underline\"><span style=\"color: #3366ff\"><a style=\"color: #3366ff;text-decoration: underline\" href=\"https:\/\/www.facebook.com\/filount\/posts\/1550822681920266\" target=\"_blank\" rel=\"noopener\">Ver Fotos viernes 27\/8<\/a><\/span><\/span><\/p>\n","protected":false},"excerpt":{"rendered":"<p>El viernes 20 se llev\u00f3 a cabo el primer encuentro de &#8220;Conociendo Filo&#8221;, una jornada dirigida a los y las ingresantes 2021 de la Facultad , quienes fueron recibidos por la decana, Mercedes Leal, miembros de su gabinete, y la presidenta del Centro \u00danico de Estudiantes, Guadalupe Fern\u00e1ndez. Luego, se [&hellip;]<\/p>\n","protected":false},"author":3,"featured_media":7169,"comment_status":"closed","ping_status":"closed","sticky":false,"template":"","format":"standard","meta":{"footnotes":""},"categories":[16,12],"tags":[],"class_list":{"0":"post-6938","1":"post","2":"type-post","3":"status-publish","4":"format-standard","5":"has-post-thumbnail","6":"hentry","7":"category-espacio-cultural","8":"category-gestion","10":"post-with-thumbnail","11":"post-with-thumbnail-large"},"_links":{"self":[{"href":"https:\/\/filo.unt.edu.ar\/noticias\/wp-json\/wp\/v2\/posts\/6938","targetHints":{"allow":["GET"]}}],"collection":[{"href":"https:\/\/filo.unt.edu.ar\/noticias\/wp-json\/wp\/v2\/posts"}],"about":[{"href":"https:\/\/filo.unt.edu.ar\/noticias\/wp-json\/wp\/v2\/types\/post"}],"author":[{"embeddable":true,"href":"https:\/\/filo.unt.edu.ar\/noticias\/wp-json\/wp\/v2\/users\/3"}],"replies":[{"embeddable":true,"href":"https:\/\/filo.unt.edu.ar\/noticias\/wp-json\/wp\/v2\/comments?post=6938"}],"version-history":[{"count":4,"href":"https:\/\/filo.unt.edu.ar\/noticias\/wp-json\/wp\/v2\/posts\/6938\/revisions"}],"predecessor-version":[{"id":6999,"href":"https:\/\/filo.unt.edu.ar\/noticias\/wp-json\/wp\/v2\/posts\/6938\/revisions\/6999"}],"wp:featuredmedia":[{"embeddable":true,"href":"https:\/\/filo.unt.edu.ar\/noticias\/wp-json\/wp\/v2\/media\/7169"}],"wp:attachment":[{"href":"https:\/\/filo.unt.edu.ar\/noticias\/wp-json\/wp\/v2\/media?parent=6938"}],"wp:term":[{"taxonomy":"category","embeddable":true,"href":"https:\/\/filo.unt.edu.ar\/noticias\/wp-json\/wp\/v2\/categories?post=6938"},{"taxonomy":"post_tag","embeddable":true,"href":"https:\/\/filo.unt.edu.ar\/noticias\/wp-json\/wp\/v2\/tags?post=6938"}],"curies":[{"name":"wp","href":"https:\/\/api.w.org\/{rel}","templated":true}]}}