{"id":6810,"date":"2021-06-07T16:02:00","date_gmt":"2021-06-07T19:02:00","guid":{"rendered":"http:\/\/filo.unt.edu.ar\/noticias\/?p=6810"},"modified":"2021-07-06T16:14:01","modified_gmt":"2021-07-06T19:14:01","slug":"nueva-charla-en-el-marco-de-actividades-del-geffl","status":"publish","type":"post","link":"https:\/\/filo.unt.edu.ar\/noticias\/2021\/06\/07\/nueva-charla-en-el-marco-de-actividades-del-geffl\/","title":{"rendered":"Nueva charla en el marco de actividades del GEFFL"},"content":{"rendered":"\n<p>El 4 de junio la Dra. Carolina Scotto, Profesora Titular de &#8220;Filosof\u00eda del Lenguaje&#8221; de la Universidad Nacional de C\u00f3rdoba, ofreci\u00f3, en el marco de actividades del GEFFL (Grupo de Estudios de Filosof\u00eda Feminista del Lenguaje), la charla &#8220;El car\u00e1cter multidimensional de la relaci\u00f3n &#8220;g\u00e9nero&#8221; y &#8220;lenguaje&#8221; y el debate sobre el lenguaje inclusivo&#8221;. En el evento, que cont\u00f3 con la moderaci\u00f3n del Dr. Andr\u00e9s Stisman, se discutieron, tomando diferentes aportes te\u00f3ricos y emp\u00edricos, las influencias del lenguaje en la cognici\u00f3n humana as\u00ed como diferentes estrategias posibles para cambiar el car\u00e1cter sexista del idioma.<\/p>\n<p><a href=\"https:\/\/www.facebook.com\/filount\/posts\/1490559734613228\" target=\"_blank\" rel=\"noopener\"><span style=\"text-decoration: underline\">Ver Fotos<\/span><\/a><\/p>\n","protected":false},"excerpt":{"rendered":"","protected":false},"author":101013,"featured_media":6814,"comment_status":"closed","ping_status":"closed","sticky":false,"template":"","format":"standard","meta":{"footnotes":""},"categories":[6],"tags":[],"class_list":{"0":"post-6810","1":"post","2":"type-post","3":"status-publish","4":"format-standard","5":"has-post-thumbnail","6":"hentry","7":"category-extension","9":"post-with-thumbnail","10":"post-with-thumbnail-large"},"_links":{"self":[{"href":"https:\/\/filo.unt.edu.ar\/noticias\/wp-json\/wp\/v2\/posts\/6810","targetHints":{"allow":["GET"]}}],"collection":[{"href":"https:\/\/filo.unt.edu.ar\/noticias\/wp-json\/wp\/v2\/posts"}],"about":[{"href":"https:\/\/filo.unt.edu.ar\/noticias\/wp-json\/wp\/v2\/types\/post"}],"author":[{"embeddable":true,"href":"https:\/\/filo.unt.edu.ar\/noticias\/wp-json\/wp\/v2\/users\/101013"}],"replies":[{"embeddable":true,"href":"https:\/\/filo.unt.edu.ar\/noticias\/wp-json\/wp\/v2\/comments?post=6810"}],"version-history":[{"count":2,"href":"https:\/\/filo.unt.edu.ar\/noticias\/wp-json\/wp\/v2\/posts\/6810\/revisions"}],"predecessor-version":[{"id":6815,"href":"https:\/\/filo.unt.edu.ar\/noticias\/wp-json\/wp\/v2\/posts\/6810\/revisions\/6815"}],"wp:featuredmedia":[{"embeddable":true,"href":"https:\/\/filo.unt.edu.ar\/noticias\/wp-json\/wp\/v2\/media\/6814"}],"wp:attachment":[{"href":"https:\/\/filo.unt.edu.ar\/noticias\/wp-json\/wp\/v2\/media?parent=6810"}],"wp:term":[{"taxonomy":"category","embeddable":true,"href":"https:\/\/filo.unt.edu.ar\/noticias\/wp-json\/wp\/v2\/categories?post=6810"},{"taxonomy":"post_tag","embeddable":true,"href":"https:\/\/filo.unt.edu.ar\/noticias\/wp-json\/wp\/v2\/tags?post=6810"}],"curies":[{"name":"wp","href":"https:\/\/api.w.org\/{rel}","templated":true}]}}