{"id":6781,"date":"2021-06-28T15:11:00","date_gmt":"2021-06-28T18:11:00","guid":{"rendered":"http:\/\/filo.unt.edu.ar\/noticias\/?p=6781"},"modified":"2022-11-09T13:36:36","modified_gmt":"2022-11-09T16:36:36","slug":"donacion-de-la-biblioteca-personal-del-mg-pablo-adris","status":"publish","type":"post","link":"https:\/\/filo.unt.edu.ar\/noticias\/2021\/06\/28\/donacion-de-la-biblioteca-personal-del-mg-pablo-adris\/","title":{"rendered":"Donaci\u00f3n de la Biblioteca personal del Mg. Pablo Adris"},"content":{"rendered":"<p>El viernes 25 de junio, la hija del Prof. Pablo Adris, acompa\u00f1ada por su madre, la Prof. Selva Ilardo, y en representaci\u00f3n de la familia, don\u00f3 su biblioteca personal a la Biblioteca de la Facultad.<\/p>\n<p>La donaci\u00f3n se realiz\u00f3 con la misma sencillez que caracteriz\u00f3 a su due\u00f1o y representa un gesto coincidente con el esfuerzo permanente y silencioso que puso en juego para sostener la Universidad P\u00fablica Argentina. Es, adem\u00e1s, un importante aporte para acrecentar el acervo de nuestra biblioteca, en provecho de docentes y estudiantes, especialmente de la carrera de Ciencias de la Comunicaci\u00f3n, de la que era miembro.<\/p>\n<p>A continuaci\u00f3n detallamos el listado de libros donados:<\/p>\n<p>-Abatedaga, N. ; Siragusa, C. (coord.) Comun(ic)axi\u00f3n Cooperativa. 2012. Imprenta Corintios 13. C\u00f3rdoba. Argentina.<br \/>&#8211; Acevedo, M.J. y otros. El espacio institucional. Lugar editorial. 1991. Argentina.<br \/>-Acotto, L. Las organizaciones de la sociedad civil. 2003. Buenos Aires, Argentina.<br \/>-Antola y otros. Diccionario de inform\u00e1tica. 1987. Grijalbo. Barcelona.<br \/>-Alonso, S. (Comp.) Practicas discursivas de la comunicaci\u00f3n. 2009. ININCO. Facultad de Filosof\u00eda. UNT. Tucum\u00e1n. Argentina.<br \/>-Alonso, S. (Comp.) Procesos de comunicaci\u00f3n: los textos y sus diferentes formas como actos comunicativos. 2011. ININCO. Facultad de Filosof\u00eda. UNT. Tucum\u00e1n. Argentina.<br \/>-Alonso, S. (Comp.). La Comunicaci\u00f3n Educativa y sus estrategias discursivas. 2018. Tucum\u00e1n. Argentina. ININCCO. Fac. de Filosof\u00eda y Letras, , ISBN 978-987-754-113-7.<br \/>-Alonso, S. y G\u00f3mez P. (Coord.) Imaginario, representaciones sociales e identidad en la comunicaci\u00f3n. 2006. ININCO. Facultad de Filosof\u00eda. UNT. Tucum\u00e1n. Argentina.<br \/>-Alonso, S. (Comp.) Comunicaci\u00f3n: pr\u00e1cticas discursivas y procesos identitarios. 2012. ININCO. Facultad de Filosof\u00eda. UNT. Tucum\u00e1n. Argentina.<br \/>-Alonso, S. (comp.) Estrategias comunicativas desde las posiciones de poder. 2016. ININCO. Facultad de Filosof\u00eda. UNT. Tucum\u00e1n. Argentina.<br \/>-Alonso, S. (comp.) La comunicaci\u00f3n y sus pr\u00e1cticas discursivas desde las posiciones de poder. 2014. ININCO. Facultad de Filosof\u00eda. UNT. Tucum\u00e1n. Argentina.<br \/>-Alonso, S. (comp.) Relatos y discursos desde las posiciones de poder. 2017. ININCO. Facultad de Filosof\u00eda. UNT. Tucum\u00e1n. Argentina.<br \/>-Alonso, S. y G\u00f3mez, P. (coord.) Lenguajes e identidades en la comunicaci\u00f3n globalizada. 2008. Facultad de Filosof\u00eda. UNT. Tucum\u00e1n. Argentina. ISBN 978-950-554-580-3<br \/>-Benavides, J; Costa, J. y otros. Direcci\u00f3n de Comunicaci\u00f3n empresarial e institucional. 2001. Barcelona. Espa\u00f1a.<br \/>-Br\u00e1ncoli, J. (dir.) Donde hay una necesidad nace una organizaci\u00f3n. 2010. Ediciones Ciccus. Argentina.<br \/>-Cantarelli,J. Responsabilidad social empresaria: miradas argentinas. EDUCC. Universidad Cat\u00f3lica de C\u00f3edoba. C\u00f3rdoba. Argentina.<br \/>-Corval\u00e1n de mezzano, A. (comp.) Institucionalistas trabajando. La psicolog\u00eda institucional en investigaci\u00f3n y extensi\u00f3n universitaria. 1998. EUDEBA. Argentina.<br \/>-Costa, J. Imagen corporativa en el Siglo XXI. 2003. La Cruj\u00eda. Argentina.<br \/>-Delich, F. Cr\u00edtica y utop\u00eda Latinoamericana de Ciencias Sociales. Argentina.<br \/>-Drucker, P. Direcci\u00f3n de instituciones sin fines de lucro. 1990. Editorial El Ateneo. Argentina.<br \/>-Elizalde, L. Estrategias en las crisis p\u00fablicas. 2004. La Cruj\u00eda. Argentina.<br \/>-Etkin, E. Comunicaci\u00f3n para organizaciones sociales. 2012. La Cruj\u00eda. Buenos Aires. Argentina.<br \/>-Etkin, J. y Schvarstein, L. Identidad de las organizaciones. 2000. Paid\u00f3s. Argentina.<br \/>-Fern\u00e1ndez, A. Pol\u00edtica y Subjetividad. 2006. Editorial Biblos. Buenos Aires. Argentina.<br \/>-Fern\u00e1ndez, L. El an\u00e1lisis institucional en la escuela. 2001. Paid\u00f3s. Argentina.<br \/>-Ferrari, M. y Fran\u00e7a, F. Relaciones p\u00fablicas. 2011. La Cruj\u00eda. Argentina.<br \/>-Ferr\u00e9 Trenzano, J.M. Estrategias de comunicaci\u00f3n. La publicidad en la empresa. 2003. Oceano. Barcelona. Espa\u00f1a.<br \/>-Garc\u00eda Jim\u00e9nez, J. La comunicaci\u00f3n interna. 1998. Ediciones D\u00edaz de Santos. Madrid. Espa\u00f1a.<br \/>-Garc\u00eda, M. Las relaciones p\u00fablicas. Galerna. 1999. Espa\u00f1a.<br \/>-Herrero Mitjans, S. La comunicaci\u00f3n incomunicada. 2005. Temas grupo editorial. Buenos Aires. Argentina.<br \/>-Izurieta, R., Perina, R., Artenton Ch. Estrategias de Comunicaci\u00f3n para Gobiernos. 2003. La Cruj\u00eda ediciones. Buenos Aires. Argentina.<br \/>-Kaminsky, G. Dispositivos institucionales. 1994. Lugar editorial. Argentina.<br \/>-Lourau, R. El an\u00e1lisis institucional. 2001. Amorrortueditores. Buenos aires Aegentina.<br \/>-Lucas Mar\u00edn, A. y Garc\u00eda Ruiz, P. Sociolog\u00eda de las organizaciones.2002. Mc Graw Hill. Espa\u00f1a.<br \/>-Marc. E y Picard D. La interacci\u00f3n social. Cultura , instituciones y comunicaci\u00f3n. Paidos. 1989. Espa\u00f1a.<br \/>-Marin, L. ; Garc\u00eda galera, C. y Ruiz San Rom\u00e1n, J. Sociolog\u00eda de la Comunicaci\u00f3n. 2003. Editorial Trotta.<br \/>-Mattelart, A. y otros. Democracia y Ciudadan\u00eda en la Sociedad de la informaci\u00f3n: desaf\u00edos y articulaciones regionales. 2005. Escuela de ciencias de la Informaci\u00f3n. UNC.<br \/>-Mena, M. (comp.) La educaci\u00f3n a distancia en Am\u00e9rica Latina. 2004. La cruj\u00eda.<br \/>-Men\u00e9ndez, E. y Spinelli, H. (coord.) Participaci\u00f3n social \u00bfPara qu\u00e9? 2006. Lugar editorial. Buenos Aires. Argentina.<br \/>-Mitroff, I. Pearson, C. C\u00f3mo gestionar una crisis. 1997. Gesti\u00f3n 2000. Barcelona. Espa\u00f1a.<br \/>-Van Riel, C. Comunicaci\u00f3n corporativa. Prentice Hall. 1997. Madrid.<br \/>-Ver\u00f3n, E. El cuerpo de las im\u00e1genes. 2001. Editorial Norma. Bogot\u00e1. Colombia.<\/p>\n<p><a href=\"https:\/\/www.facebook.com\/filount\/posts\/1510722802596921\" target=\"_blank\" rel=\"noopener\"><span style=\"text-decoration: underline\">Ver Fotos<\/span><\/a><\/p>\n\n","protected":false},"excerpt":{"rendered":"<p>El viernes 25 de junio, la hija del Prof. Pablo Adris, acompa\u00f1ada por su madre, la Prof. Selva Ilardo, y en representaci\u00f3n de la familia, don\u00f3 su biblioteca personal a la Biblioteca de la Facultad. La donaci\u00f3n se realiz\u00f3 con la misma sencillez que caracteriz\u00f3 a su due\u00f1o y representa [&hellip;]<\/p>\n","protected":false},"author":3,"featured_media":6786,"comment_status":"closed","ping_status":"closed","sticky":false,"template":"","format":"standard","meta":{"footnotes":""},"categories":[6],"tags":[],"class_list":{"0":"post-6781","1":"post","2":"type-post","3":"status-publish","4":"format-standard","5":"has-post-thumbnail","6":"hentry","7":"category-extension","9":"post-with-thumbnail","10":"post-with-thumbnail-large"},"_links":{"self":[{"href":"https:\/\/filo.unt.edu.ar\/noticias\/wp-json\/wp\/v2\/posts\/6781","targetHints":{"allow":["GET"]}}],"collection":[{"href":"https:\/\/filo.unt.edu.ar\/noticias\/wp-json\/wp\/v2\/posts"}],"about":[{"href":"https:\/\/filo.unt.edu.ar\/noticias\/wp-json\/wp\/v2\/types\/post"}],"author":[{"embeddable":true,"href":"https:\/\/filo.unt.edu.ar\/noticias\/wp-json\/wp\/v2\/users\/3"}],"replies":[{"embeddable":true,"href":"https:\/\/filo.unt.edu.ar\/noticias\/wp-json\/wp\/v2\/comments?post=6781"}],"version-history":[{"count":2,"href":"https:\/\/filo.unt.edu.ar\/noticias\/wp-json\/wp\/v2\/posts\/6781\/revisions"}],"predecessor-version":[{"id":6857,"href":"https:\/\/filo.unt.edu.ar\/noticias\/wp-json\/wp\/v2\/posts\/6781\/revisions\/6857"}],"wp:featuredmedia":[{"embeddable":true,"href":"https:\/\/filo.unt.edu.ar\/noticias\/wp-json\/wp\/v2\/media\/6786"}],"wp:attachment":[{"href":"https:\/\/filo.unt.edu.ar\/noticias\/wp-json\/wp\/v2\/media?parent=6781"}],"wp:term":[{"taxonomy":"category","embeddable":true,"href":"https:\/\/filo.unt.edu.ar\/noticias\/wp-json\/wp\/v2\/categories?post=6781"},{"taxonomy":"post_tag","embeddable":true,"href":"https:\/\/filo.unt.edu.ar\/noticias\/wp-json\/wp\/v2\/tags?post=6781"}],"curies":[{"name":"wp","href":"https:\/\/api.w.org\/{rel}","templated":true}]}}