{"id":6774,"date":"2021-06-24T14:18:00","date_gmt":"2021-06-24T17:18:00","guid":{"rendered":"http:\/\/filo.unt.edu.ar\/noticias\/?p=6774"},"modified":"2021-07-07T15:07:09","modified_gmt":"2021-07-07T18:07:09","slug":"conversatorio-ausencia-de-mi-obra-y-exilio-de-alfredo-zitarrosa","status":"publish","type":"post","link":"https:\/\/filo.unt.edu.ar\/noticias\/2021\/06\/24\/conversatorio-ausencia-de-mi-obra-y-exilio-de-alfredo-zitarrosa\/","title":{"rendered":"Conversatorio &#8220;Ausencia de M\u00ed. Obra y Exilio de Alfredo Zitarrosa&#8221;"},"content":{"rendered":"<p>El Martes 22 de junio, se llev\u00f3 a cabo un conversatorio en torno al Documental <em>Ausencia de M\u00ed. Obra y Exilio de Alfredo Zitarrosa<\/em> en el que se pudo intercambiar reflexiones con su directora, Melina Terribili.<\/p>\n<p>La presentaci\u00f3n estuvo a cargo de la Dra. M\u00f3nica Ruffino y la charla se organiz\u00f3 en dos bloques. El primero, moderado por el Lic. Fabi\u00e1n Sober\u00f3n, trat\u00f3 sobre la producci\u00f3n cinematogr\u00e1fica del documental, mientras que el segundo gir\u00f3 alrededor de la figura y dimensi\u00f3n cultural de Alfredo Zitarrosa y estuvo moderardo por la Mg. Silvia Larrechart.<\/p>\n<p>Participaron estudiantes y docentes de distintas carreras de las Universidades Nacionales de Tucum\u00e1n, Catamarca, Avellaneda, y la Universidad Aut\u00f3noma de Entre R\u00edos. Tambi\u00e9n estuvieron presentes autoridades de distintas instituciones.<\/p>\n<p>En la organizaci\u00f3n y convocatoria trabajaron el PIUNT 26 H 687 (Res. 0440 \/ 20) y las C\u00e1tedras Comunicaci\u00f3n y Producci\u00f3n Audiovisual de nuestra Facultad de Filosof\u00eda y Letras (UNT), C\u00e1tedra Teor\u00eda y Est\u00e9tica del Cine, V\u00eddeo y TV 2 de la Escuela de Cine, V\u00eddeo y TV, la Universidad Aut\u00f3noma de Entre R\u00edos (UADER), el Espacio Tucum\u00e1n (Representaci\u00f3n Oficial del Gobierno de Tucum\u00e1n en Bs. As.) y el Foro de Pensamiento Latinoamericano (UNT).<\/p>\n<p>El Documental <em>Ausencia de M\u00ed. Obra y Exilio de Alfredo Zitarrosa<\/em> est\u00e1 disponible, en forma gratuita, en https:\/\/play.cine.ar\/<\/p>\n<p><span style=\"text-decoration: underline\"><a href=\"https:\/\/www.facebook.com\/filount\/posts\/1501374626865072\" target=\"_blank\" rel=\"noopener\">Ver Fotos<\/a><\/span><\/p>\n","protected":false},"excerpt":{"rendered":"<p>El Martes 22 de junio, se llev\u00f3 a cabo un conversatorio en torno al Documental Ausencia de M\u00ed. Obra y Exilio de Alfredo Zitarrosa en el que se pudo intercambiar reflexiones con su directora, Melina Terribili. La presentaci\u00f3n estuvo a cargo de la Dra. M\u00f3nica Ruffino y la charla se [&hellip;]<\/p>\n","protected":false},"author":3,"featured_media":6791,"comment_status":"closed","ping_status":"closed","sticky":false,"template":"","format":"standard","meta":{"footnotes":""},"categories":[8],"tags":[],"class_list":{"0":"post-6774","1":"post","2":"type-post","3":"status-publish","4":"format-standard","5":"has-post-thumbnail","6":"hentry","7":"category-eventos-academicos","9":"post-with-thumbnail","10":"post-with-thumbnail-large"},"_links":{"self":[{"href":"https:\/\/filo.unt.edu.ar\/noticias\/wp-json\/wp\/v2\/posts\/6774","targetHints":{"allow":["GET"]}}],"collection":[{"href":"https:\/\/filo.unt.edu.ar\/noticias\/wp-json\/wp\/v2\/posts"}],"about":[{"href":"https:\/\/filo.unt.edu.ar\/noticias\/wp-json\/wp\/v2\/types\/post"}],"author":[{"embeddable":true,"href":"https:\/\/filo.unt.edu.ar\/noticias\/wp-json\/wp\/v2\/users\/3"}],"replies":[{"embeddable":true,"href":"https:\/\/filo.unt.edu.ar\/noticias\/wp-json\/wp\/v2\/comments?post=6774"}],"version-history":[{"count":3,"href":"https:\/\/filo.unt.edu.ar\/noticias\/wp-json\/wp\/v2\/posts\/6774\/revisions"}],"predecessor-version":[{"id":6847,"href":"https:\/\/filo.unt.edu.ar\/noticias\/wp-json\/wp\/v2\/posts\/6774\/revisions\/6847"}],"wp:featuredmedia":[{"embeddable":true,"href":"https:\/\/filo.unt.edu.ar\/noticias\/wp-json\/wp\/v2\/media\/6791"}],"wp:attachment":[{"href":"https:\/\/filo.unt.edu.ar\/noticias\/wp-json\/wp\/v2\/media?parent=6774"}],"wp:term":[{"taxonomy":"category","embeddable":true,"href":"https:\/\/filo.unt.edu.ar\/noticias\/wp-json\/wp\/v2\/categories?post=6774"},{"taxonomy":"post_tag","embeddable":true,"href":"https:\/\/filo.unt.edu.ar\/noticias\/wp-json\/wp\/v2\/tags?post=6774"}],"curies":[{"name":"wp","href":"https:\/\/api.w.org\/{rel}","templated":true}]}}