{"id":6768,"date":"2021-06-07T14:02:19","date_gmt":"2021-06-07T17:02:19","guid":{"rendered":"http:\/\/filo.unt.edu.ar\/noticias\/?p=6768"},"modified":"2021-07-07T14:59:00","modified_gmt":"2021-07-07T17:59:00","slug":"plenario-anfhe","status":"publish","type":"post","link":"https:\/\/filo.unt.edu.ar\/noticias\/2021\/06\/07\/plenario-anfhe\/","title":{"rendered":"Plenario ANFHE"},"content":{"rendered":"<p>El viernes 4 de junio, la Decana de la Facultad particip\u00f3 de una reuni\u00f3n plenaria virtual de la Asociaci\u00f3n Nacional de Facultades de Humanidades y Educaci\u00f3n (ANFHE), en la que se defini\u00f3 la continuidad del mandato de las actuales autoridades y Comisi\u00f3n Directiva. De este modo, contin\u00faan el Prof. Aldo F. Lineras (Universidad Nacional del Nordeste) y la Lic. Laura Tarabella (Universidad Nacional del Litoral) como presidente y vicepresidenta, respectivamente, hasta tanto est\u00e9n dadas las condiciones para un proceso de renovaci\u00f3n producto de la discusi\u00f3n y el consenso.<\/p>\n<p>En el encuentro, decanos y decanas expusieron el panorama general de situaci\u00f3n en las unidades acad\u00e9micas, quedando de manifiesto los esfuerzos que todas pusieron en marcha para sostener, en el marco de la virtualidad, las actividades docentes, de extensi\u00f3n y de posgrado.<\/p>\n<p>Por otro lado, se proyect\u00f3 la creaci\u00f3n de diversas comisiones ADHoc, que trabajar\u00e1n, entre otras cuestiones, sobre el dise\u00f1o de un proyecto que involucre tanto la creaci\u00f3n de carreras\/ciclos\/cursos destinado a trabajar la formaci\u00f3n y actualizaci\u00f3n Docente, como de la regularizaci\u00f3n de las ofertas virtuales o presenciales que diversas facultades tienen desde ya hace mucho tiempo y que es necesario evaluar para acercar una propuesta en conjunto a la SPU y al CIN. Tambi\u00e9n se trabajar\u00e1 sobre los aportes que desde ANFHE se pueden hacer al proceso de redacci\u00f3n de una Ley de Formaci\u00f3n Docente, impulsada actualmente desde el Ministerio de Educaci\u00f3n de la Naci\u00f3n a trav\u00e9s del Instituto Nacional de Formaci\u00f3n Docente (INFOD).<\/p>\n<p>Recordemos que ANFHE est\u00e1 compuesta por 42 miembros (unidades acad\u00e9micas entendidas como Facultades, Escuelas, Institutos, Departamentos) pertenecientes a 32 universidades nacionales. Se conform\u00f3 en 2004 con el objeto de promover la cooperaci\u00f3n acad\u00e9mica as\u00ed como la articulaci\u00f3n de programas que jerarquicen las humanidades y la educaci\u00f3n como campos de conocimiento, formaci\u00f3n y producci\u00f3n cient\u00edfica.<\/p>\n<p><span style=\"text-decoration: underline\"><a href=\"https:\/\/www.facebook.com\/filount\/posts\/1491958447806690\" target=\"_blank\" rel=\"noopener\">Ver Fotos<\/a><\/span><\/p>\n\n","protected":false},"excerpt":{"rendered":"<p>El viernes 4 de junio, la Decana de la Facultad particip\u00f3 de una reuni\u00f3n plenaria virtual de la Asociaci\u00f3n Nacional de Facultades de Humanidades y Educaci\u00f3n (ANFHE), en la que se defini\u00f3 la continuidad del mandato de las actuales autoridades y Comisi\u00f3n Directiva. De este modo, contin\u00faan el Prof. Aldo [&hellip;]<\/p>\n","protected":false},"author":3,"featured_media":6772,"comment_status":"closed","ping_status":"closed","sticky":false,"template":"","format":"standard","meta":{"footnotes":""},"categories":[12],"tags":[],"class_list":{"0":"post-6768","1":"post","2":"type-post","3":"status-publish","4":"format-standard","5":"has-post-thumbnail","6":"hentry","7":"category-gestion","9":"post-with-thumbnail","10":"post-with-thumbnail-large"},"_links":{"self":[{"href":"https:\/\/filo.unt.edu.ar\/noticias\/wp-json\/wp\/v2\/posts\/6768","targetHints":{"allow":["GET"]}}],"collection":[{"href":"https:\/\/filo.unt.edu.ar\/noticias\/wp-json\/wp\/v2\/posts"}],"about":[{"href":"https:\/\/filo.unt.edu.ar\/noticias\/wp-json\/wp\/v2\/types\/post"}],"author":[{"embeddable":true,"href":"https:\/\/filo.unt.edu.ar\/noticias\/wp-json\/wp\/v2\/users\/3"}],"replies":[{"embeddable":true,"href":"https:\/\/filo.unt.edu.ar\/noticias\/wp-json\/wp\/v2\/comments?post=6768"}],"version-history":[{"count":3,"href":"https:\/\/filo.unt.edu.ar\/noticias\/wp-json\/wp\/v2\/posts\/6768\/revisions"}],"predecessor-version":[{"id":6842,"href":"https:\/\/filo.unt.edu.ar\/noticias\/wp-json\/wp\/v2\/posts\/6768\/revisions\/6842"}],"wp:featuredmedia":[{"embeddable":true,"href":"https:\/\/filo.unt.edu.ar\/noticias\/wp-json\/wp\/v2\/media\/6772"}],"wp:attachment":[{"href":"https:\/\/filo.unt.edu.ar\/noticias\/wp-json\/wp\/v2\/media?parent=6768"}],"wp:term":[{"taxonomy":"category","embeddable":true,"href":"https:\/\/filo.unt.edu.ar\/noticias\/wp-json\/wp\/v2\/categories?post=6768"},{"taxonomy":"post_tag","embeddable":true,"href":"https:\/\/filo.unt.edu.ar\/noticias\/wp-json\/wp\/v2\/tags?post=6768"}],"curies":[{"name":"wp","href":"https:\/\/api.w.org\/{rel}","templated":true}]}}