{"id":6722,"date":"2021-05-31T15:49:00","date_gmt":"2021-05-31T18:49:00","guid":{"rendered":"http:\/\/filo.unt.edu.ar\/noticias\/?p=6722"},"modified":"2021-05-31T23:51:14","modified_gmt":"2021-06-01T02:51:14","slug":"continua-el-curso-de-sonidos-de-la-historia","status":"publish","type":"post","link":"https:\/\/filo.unt.edu.ar\/noticias\/2021\/05\/31\/continua-el-curso-de-sonidos-de-la-historia\/","title":{"rendered":"Contin\u00faa el Curso sobre \u00b4Sonidos de la Historia\u00b4"},"content":{"rendered":"\n\n<p>Durante el mes de mayo se llevaron a cabo dos nuevos encuentros del Curso Universitario &#8220;M\u00fasica Acad\u00e9mica e Historia de las Sociedades Occidentales&#8221;, organizado por el Espacio Cultural de nuestra Facultad.<\/p>\n<p>El d\u00eda 13, la clase estuvo a cargo de la Dra. Patricia Penna, quien disert\u00f3 sobre <em>M\u00fasica y poder: Consideraciones sobre la m\u00fasica y el poder en el occidente medieval<\/em>\u00a0mientras que el jueves 27, el Prof. Marcelo Figueroa habl\u00f3 de <em>El absolutismo y las sociedades cortesanas<\/em>. Ambos encuentros contaron con la presencia del Maestro. Dr. Roberto Buffo, director de la Orquesta Sinf\u00f3nica de la Universidad Nacional de Tucum\u00e1n y participaron estudiantes de esta casa de estudios, m\u00fasicos y p\u00fablico en general.<\/p>\n<p>El Curso contin\u00faa y finaliza en el mes de junio con las clases que abordar\u00e1n <em>El Barroco y el per\u00edodo Colonial<\/em>, a cargo de la Dra. Mercedes Risco y el Mg. Santiago Bliss, y <em>Nacionalismos y Totalitarismos en la historia<\/em>, a cargo de la Prof. Marcela Jorrat, el 10 y 24 de junio respectivamente.<\/p>\n<p>Para m\u00e1s informaci\u00f3n, escribir a espaciocultural@filo.unt.edu.ar<\/p>\n<p><span style=\"text-decoration: underline\"><a href=\"https:\/\/www.facebook.com\/filount\/posts\/1475231056146096\" target=\"_blank\" rel=\"noopener\">Ver Fotos <em>M\u00fasica y poder<\/em><\/a><\/span><\/p>\n<p><span style=\"text-decoration: underline\"><a href=\"https:\/\/www.facebook.com\/filount\/posts\/1485890621746806\" target=\"_blank\" rel=\"noopener\">Ver Fotos <em>El absolutismo y las sociedades cortesanas<\/em><\/a><\/span><\/p>\n<p><span style=\"text-decoration: underline\"><a href=\"https:\/\/www.instagram.com\/espacio.cultural.filo\/\" target=\"_blank\" rel=\"noopener\">Instagram <em>Espacio Cultural Filosof\u00eda y Letras<\/em><\/a><\/span><\/p>","protected":false},"excerpt":{"rendered":"<p>Durante el mes de mayo se llevaron a cabo dos nuevos encuentros del Curso Universitario &#8220;M\u00fasica Acad\u00e9mica e Historia de las Sociedades Occidentales&#8221;, organizado por el Espacio Cultural de nuestra Facultad. El d\u00eda 13, la clase estuvo a cargo de la Dra. Patricia Penna, quien disert\u00f3 sobre M\u00fasica y poder: [&hellip;]<\/p>\n","protected":false},"author":101013,"featured_media":6730,"comment_status":"closed","ping_status":"closed","sticky":false,"template":"","format":"standard","meta":{"footnotes":""},"categories":[16,6,12],"tags":[],"class_list":{"0":"post-6722","1":"post","2":"type-post","3":"status-publish","4":"format-standard","5":"has-post-thumbnail","6":"hentry","7":"category-espacio-cultural","8":"category-extension","9":"category-gestion","11":"post-with-thumbnail","12":"post-with-thumbnail-large"},"_links":{"self":[{"href":"https:\/\/filo.unt.edu.ar\/noticias\/wp-json\/wp\/v2\/posts\/6722","targetHints":{"allow":["GET"]}}],"collection":[{"href":"https:\/\/filo.unt.edu.ar\/noticias\/wp-json\/wp\/v2\/posts"}],"about":[{"href":"https:\/\/filo.unt.edu.ar\/noticias\/wp-json\/wp\/v2\/types\/post"}],"author":[{"embeddable":true,"href":"https:\/\/filo.unt.edu.ar\/noticias\/wp-json\/wp\/v2\/users\/101013"}],"replies":[{"embeddable":true,"href":"https:\/\/filo.unt.edu.ar\/noticias\/wp-json\/wp\/v2\/comments?post=6722"}],"version-history":[{"count":3,"href":"https:\/\/filo.unt.edu.ar\/noticias\/wp-json\/wp\/v2\/posts\/6722\/revisions"}],"predecessor-version":[{"id":6732,"href":"https:\/\/filo.unt.edu.ar\/noticias\/wp-json\/wp\/v2\/posts\/6722\/revisions\/6732"}],"wp:featuredmedia":[{"embeddable":true,"href":"https:\/\/filo.unt.edu.ar\/noticias\/wp-json\/wp\/v2\/media\/6730"}],"wp:attachment":[{"href":"https:\/\/filo.unt.edu.ar\/noticias\/wp-json\/wp\/v2\/media?parent=6722"}],"wp:term":[{"taxonomy":"category","embeddable":true,"href":"https:\/\/filo.unt.edu.ar\/noticias\/wp-json\/wp\/v2\/categories?post=6722"},{"taxonomy":"post_tag","embeddable":true,"href":"https:\/\/filo.unt.edu.ar\/noticias\/wp-json\/wp\/v2\/tags?post=6722"}],"curies":[{"name":"wp","href":"https:\/\/api.w.org\/{rel}","templated":true}]}}