{"id":647,"date":"2016-10-20T12:10:21","date_gmt":"2016-10-20T15:10:21","guid":{"rendered":"http:\/\/filo.unt.edu.ar\/noticias\/?p=647"},"modified":"2016-10-31T10:45:47","modified_gmt":"2016-10-31T13:45:47","slug":"homenaje-al-escritor-e-historiador-eduardo-rosenzvaig","status":"publish","type":"post","link":"https:\/\/filo.unt.edu.ar\/noticias\/2016\/10\/20\/homenaje-al-escritor-e-historiador-eduardo-rosenzvaig\/","title":{"rendered":"Homenaje al Escritor e Historiador Eduardo Rosenzvaig"},"content":{"rendered":"<div id=\"pl-647\"  class=\"panel-layout\"><div id=\"pg-647-0\"  class=\"panel-grid panel-no-style\"><div id=\"pgc-647-0-0\"  class=\"panel-grid-cell\"><div id=\"panel-647-0-0-0\" class=\"so-panel widget widget_sow-editor panel-first-child panel-last-child\" data-index=\"0\"><div\n\t\t\t\n\t\t\tclass=\"so-widget-sow-editor so-widget-sow-editor-base\">\n<div class=\"siteorigin-widget-tinymce textwidget\">\n\t<p>El Instituto Interdisciplinario de Literatura Argentina y Comparada IILAC y la C\u00e1tedra de Literatura Argentina I de la Facultad de Filosof\u00eda y Letras organizaron el \"Homenaje al Historiador y Escritor Eduardo El\u00edas Rosenzvaig\" en el Centro Cultural Virla bajo la coordinaci\u00f3n de Liliana Massara.<br \/> <\/p><\/div><\/div><\/div><\/div><\/div><\/div><p><a class=\"more-link\" href=\"https:\/\/filo.unt.edu.ar\/noticias\/2016\/10\/20\/homenaje-al-escritor-e-historiador-eduardo-rosenzvaig\/\">Continuar leyendo<span class=\"meta-nav\">&rarr;<\/span><\/a><\/p>","protected":false},"excerpt":{"rendered":"<p>El Instituto Interdisciplinario de Literatura Argentina y Comparada IILAC y la C\u00e1tedra de Literatura Argentina I de la Facultad de Filosof\u00eda y Letras organizaron el &#8220;Homenaje al Historiador y Escritor Eduardo El\u00edas Rosenzvaig&#8221; en el Centro Cultural Virla bajo la coordinaci\u00f3n de Liliana Massara. A cinco a\u00f1os de su fallecimiento, [&hellip;]<\/p>\n","protected":false},"author":101013,"featured_media":649,"comment_status":"closed","ping_status":"closed","sticky":false,"template":"","format":"standard","meta":{"footnotes":""},"categories":[6],"tags":[],"class_list":{"0":"post-647","1":"post","2":"type-post","3":"status-publish","4":"format-standard","5":"has-post-thumbnail","6":"hentry","7":"category-extension","9":"post-with-thumbnail","10":"post-with-thumbnail-large"},"_links":{"self":[{"href":"https:\/\/filo.unt.edu.ar\/noticias\/wp-json\/wp\/v2\/posts\/647","targetHints":{"allow":["GET"]}}],"collection":[{"href":"https:\/\/filo.unt.edu.ar\/noticias\/wp-json\/wp\/v2\/posts"}],"about":[{"href":"https:\/\/filo.unt.edu.ar\/noticias\/wp-json\/wp\/v2\/types\/post"}],"author":[{"embeddable":true,"href":"https:\/\/filo.unt.edu.ar\/noticias\/wp-json\/wp\/v2\/users\/101013"}],"replies":[{"embeddable":true,"href":"https:\/\/filo.unt.edu.ar\/noticias\/wp-json\/wp\/v2\/comments?post=647"}],"version-history":[{"count":10,"href":"https:\/\/filo.unt.edu.ar\/noticias\/wp-json\/wp\/v2\/posts\/647\/revisions"}],"predecessor-version":[{"id":720,"href":"https:\/\/filo.unt.edu.ar\/noticias\/wp-json\/wp\/v2\/posts\/647\/revisions\/720"}],"wp:featuredmedia":[{"embeddable":true,"href":"https:\/\/filo.unt.edu.ar\/noticias\/wp-json\/wp\/v2\/media\/649"}],"wp:attachment":[{"href":"https:\/\/filo.unt.edu.ar\/noticias\/wp-json\/wp\/v2\/media?parent=647"}],"wp:term":[{"taxonomy":"category","embeddable":true,"href":"https:\/\/filo.unt.edu.ar\/noticias\/wp-json\/wp\/v2\/categories?post=647"},{"taxonomy":"post_tag","embeddable":true,"href":"https:\/\/filo.unt.edu.ar\/noticias\/wp-json\/wp\/v2\/tags?post=647"}],"curies":[{"name":"wp","href":"https:\/\/api.w.org\/{rel}","templated":true}]}}