{"id":6390,"date":"2020-12-04T17:37:25","date_gmt":"2020-12-04T20:37:25","guid":{"rendered":"http:\/\/filo.unt.edu.ar\/noticias\/?p=6390"},"modified":"2020-12-21T11:58:16","modified_gmt":"2020-12-21T14:58:16","slug":"lanzamiento-del-repositorio-digital-del-invelec","status":"publish","type":"post","link":"https:\/\/filo.unt.edu.ar\/noticias\/2020\/12\/04\/lanzamiento-del-repositorio-digital-del-invelec\/","title":{"rendered":"Lanzamiento del Repositorio Digital del INVELEC"},"content":{"rendered":"<p>El jueves 3, el INVELEC (Instituto de Investigaciones sobre el Lenguaje y la Cultura), CONICET &#8211; UNT lanz\u00f3 oficialmente su Repositorio Digital. Estuvieron presentes autoridades de la UNT y de la Facultad, docentes, investigadores y estudiantes.<\/p>\n<p>Luego de los agradecimientos personales e institucionales, el Dr. Ricardo Kaliman, director del Instituto, recalc\u00f3 que &#8220;estamos trabajando en esta iniciativa desde 2017. Se trata de prestar un servicio a la comunidad (docentes, lectores y p\u00fablico en general). All\u00ed, hay colecciones de obras de autoras y autores tucumanos y del INVELEC&#8221;. Luego agreg\u00f3 que &#8220;enriquece a autores, editoriales, bibliotecas, artistas e instituciones&#8221;.<\/p>\n<p>El repositorio busca recuperar, preservar y difundir la producci\u00f3n literaria de autores\/as tucumanos\/as; material vinculado con el Proyecto de Unidades Ejecutoras &#8220;Estrategias para la Inclusi\u00f3n socioeducativa&#8221; (2017 \u2013 2021) dirigido por el Dr. Ricardo Kaliman; y, en el futuro, contendr\u00e1 tambi\u00e9n la producci\u00f3n audiovisual surgida del equipo audiovisual de INVELEC. Cuenta con tres colecciones que contienen libros, revistas, fanzines, secuencias did\u00e1cticas y conferencias.<br \/>\nTrabajaron en el proyecto, adem\u00e1s de Kaliman, Lourdes Nu\u00f1ez y Javier Builder.<\/p>\n<p>Visite el repositorio <a href=\"http:\/\/repositorio.invelec-conicet.gob.ar\" target=\"_blank\" rel=\"noopener noreferrer\">aqu\u00ed<\/a><\/p>\n<p><a href=\"https:\/\/www.facebook.com\/filount\/posts\/1362734587395744\" target=\"_blank\" rel=\"noopener noreferrer\">Ver fotos<\/a><\/p>\n","protected":false},"excerpt":{"rendered":"<p>El jueves 3, el INVELEC (Instituto de Investigaciones sobre el Lenguaje y la Cultura), CONICET &#8211; UNT lanz\u00f3 oficialmente su Repositorio Digital. Estuvieron presentes autoridades de la UNT y de la Facultad, docentes, investigadores y estudiantes. Luego de los agradecimientos personales e institucionales, el Dr. Ricardo Kaliman, director del Instituto, [&hellip;]<\/p>\n","protected":false},"author":3,"featured_media":6391,"comment_status":"closed","ping_status":"closed","sticky":false,"template":"","format":"standard","meta":{"footnotes":""},"categories":[8,18],"tags":[],"class_list":{"0":"post-6390","1":"post","2":"type-post","3":"status-publish","4":"format-standard","5":"has-post-thumbnail","6":"hentry","7":"category-eventos-academicos","8":"category-investigacion","10":"post-with-thumbnail","11":"post-with-thumbnail-large"},"_links":{"self":[{"href":"https:\/\/filo.unt.edu.ar\/noticias\/wp-json\/wp\/v2\/posts\/6390","targetHints":{"allow":["GET"]}}],"collection":[{"href":"https:\/\/filo.unt.edu.ar\/noticias\/wp-json\/wp\/v2\/posts"}],"about":[{"href":"https:\/\/filo.unt.edu.ar\/noticias\/wp-json\/wp\/v2\/types\/post"}],"author":[{"embeddable":true,"href":"https:\/\/filo.unt.edu.ar\/noticias\/wp-json\/wp\/v2\/users\/3"}],"replies":[{"embeddable":true,"href":"https:\/\/filo.unt.edu.ar\/noticias\/wp-json\/wp\/v2\/comments?post=6390"}],"version-history":[{"count":2,"href":"https:\/\/filo.unt.edu.ar\/noticias\/wp-json\/wp\/v2\/posts\/6390\/revisions"}],"predecessor-version":[{"id":6422,"href":"https:\/\/filo.unt.edu.ar\/noticias\/wp-json\/wp\/v2\/posts\/6390\/revisions\/6422"}],"wp:featuredmedia":[{"embeddable":true,"href":"https:\/\/filo.unt.edu.ar\/noticias\/wp-json\/wp\/v2\/media\/6391"}],"wp:attachment":[{"href":"https:\/\/filo.unt.edu.ar\/noticias\/wp-json\/wp\/v2\/media?parent=6390"}],"wp:term":[{"taxonomy":"category","embeddable":true,"href":"https:\/\/filo.unt.edu.ar\/noticias\/wp-json\/wp\/v2\/categories?post=6390"},{"taxonomy":"post_tag","embeddable":true,"href":"https:\/\/filo.unt.edu.ar\/noticias\/wp-json\/wp\/v2\/tags?post=6390"}],"curies":[{"name":"wp","href":"https:\/\/api.w.org\/{rel}","templated":true}]}}