{"id":6386,"date":"2020-12-15T14:52:32","date_gmt":"2020-12-15T17:52:32","guid":{"rendered":"http:\/\/filo.unt.edu.ar\/noticias\/?p=6386"},"modified":"2020-12-21T12:32:57","modified_gmt":"2020-12-21T15:32:57","slug":"charla-abierta-etica-en-investigacion-en-salud","status":"publish","type":"post","link":"https:\/\/filo.unt.edu.ar\/noticias\/2020\/12\/15\/charla-abierta-etica-en-investigacion-en-salud\/","title":{"rendered":"Charla Abierta &#8220;\u00c9tica en Investigaci\u00f3n en Salud&#8221;."},"content":{"rendered":"<p>El lunes 14 se llev\u00f3 a cabo la charla Abierta &#8220;\u00c9tica en Investigaci\u00f3n en Salud&#8221; a cargo de la Dra. Susana Carre\u00f1o. La actividad estuvo a cargo del Instituto de Epistemolog\u00eda de nuestra Facultad.<\/p>\n<p>La disertante present\u00f3 algunos aspectos trabajados en su tesis doctoral en medicina, en la que analiza aspectos \u00e9ticos de las investigaciones biom\u00e9dicas, el modo de conducir la toma de consentimiento, la informaci\u00f3n que se brinda, la atenci\u00f3n y contenci\u00f3n, y c\u00f3mo se establece la relaci\u00f3n m\u00e9dico-paciente\/equipo-sujeto (RMP\/RES).<\/p>\n<p>En su investigaci\u00f3n pudo observar el escaso control del Estado y de comit\u00e9s de \u00e9tica, y cierta desconexi\u00f3n entre la aplicaci\u00f3n de las teor\u00edas \u00e9ticas y la pr\u00e1ctica en terreno, confirmando la la hip\u00f3tesis sobre lo insuficientes que resultan los aspectos de calidad que se ponen en el manejo de la RES, pues no se brinda informaci\u00f3n completa y clara en la medida necesaria, no respet\u00e1ndose la autonom\u00eda y, en alg\u00fan grado, desprotegiendo a los sujetos. Propone entonces la necesidad de una mayor capacitaci\u00f3n de los equipos de investigaci\u00f3n sobre aspectos \u00e9ticos y sobre las Normas de Buena Pr\u00e1ctica Cl\u00ednica, y un mayor contralor por parte del estado y de los comit\u00e9s de \u00e9tica.<\/p>\n<p><a href=\"https:\/\/www.facebook.com\/filount\/posts\/1370132619989274\" target=\"_blank\" rel=\"noopener noreferrer\">Ver fotos<\/a><\/p>\n","protected":false},"excerpt":{"rendered":"<p>El lunes 14 se llev\u00f3 a cabo la charla Abierta &#8220;\u00c9tica en Investigaci\u00f3n en Salud&#8221; a cargo de la Dra. Susana Carre\u00f1o. La actividad estuvo a cargo del Instituto de Epistemolog\u00eda de nuestra Facultad. La disertante present\u00f3 algunos aspectos trabajados en su tesis doctoral en medicina, en la que analiza [&hellip;]<\/p>\n","protected":false},"author":3,"featured_media":6387,"comment_status":"closed","ping_status":"closed","sticky":false,"template":"","format":"standard","meta":{"footnotes":""},"categories":[8],"tags":[],"class_list":{"0":"post-6386","1":"post","2":"type-post","3":"status-publish","4":"format-standard","5":"has-post-thumbnail","6":"hentry","7":"category-eventos-academicos","9":"post-with-thumbnail","10":"post-with-thumbnail-large"},"_links":{"self":[{"href":"https:\/\/filo.unt.edu.ar\/noticias\/wp-json\/wp\/v2\/posts\/6386","targetHints":{"allow":["GET"]}}],"collection":[{"href":"https:\/\/filo.unt.edu.ar\/noticias\/wp-json\/wp\/v2\/posts"}],"about":[{"href":"https:\/\/filo.unt.edu.ar\/noticias\/wp-json\/wp\/v2\/types\/post"}],"author":[{"embeddable":true,"href":"https:\/\/filo.unt.edu.ar\/noticias\/wp-json\/wp\/v2\/users\/3"}],"replies":[{"embeddable":true,"href":"https:\/\/filo.unt.edu.ar\/noticias\/wp-json\/wp\/v2\/comments?post=6386"}],"version-history":[{"count":3,"href":"https:\/\/filo.unt.edu.ar\/noticias\/wp-json\/wp\/v2\/posts\/6386\/revisions"}],"predecessor-version":[{"id":6431,"href":"https:\/\/filo.unt.edu.ar\/noticias\/wp-json\/wp\/v2\/posts\/6386\/revisions\/6431"}],"wp:featuredmedia":[{"embeddable":true,"href":"https:\/\/filo.unt.edu.ar\/noticias\/wp-json\/wp\/v2\/media\/6387"}],"wp:attachment":[{"href":"https:\/\/filo.unt.edu.ar\/noticias\/wp-json\/wp\/v2\/media?parent=6386"}],"wp:term":[{"taxonomy":"category","embeddable":true,"href":"https:\/\/filo.unt.edu.ar\/noticias\/wp-json\/wp\/v2\/categories?post=6386"},{"taxonomy":"post_tag","embeddable":true,"href":"https:\/\/filo.unt.edu.ar\/noticias\/wp-json\/wp\/v2\/tags?post=6386"}],"curies":[{"name":"wp","href":"https:\/\/api.w.org\/{rel}","templated":true}]}}