{"id":6350,"date":"2020-11-09T14:43:10","date_gmt":"2020-11-09T17:43:10","guid":{"rendered":"http:\/\/filo.unt.edu.ar\/noticias\/?p=6350"},"modified":"2020-12-02T20:49:49","modified_gmt":"2020-12-02T23:49:49","slug":"filosofia-atr-a-toda-reflexion","status":"publish","type":"post","link":"https:\/\/filo.unt.edu.ar\/noticias\/2020\/11\/09\/filosofia-atr-a-toda-reflexion\/","title":{"rendered":"Filosof\u00eda ATR (a toda reflexi\u00f3n)"},"content":{"rendered":"<p>El s\u00e1bado 7 se llev\u00f3 a cabo el conversatorio abierto \u201cFilosof\u00eda ATR (a toda reflexi\u00f3n)\u201d para reflexionar sobre la actividad filos\u00f3fica, y su utilidad en tiempos contempor\u00e1neos.<\/p>\n<p>La actividad, cont\u00f3 con la participaci\u00f3n de estudiantes, docentes y p\u00fablico en general, fue organizada por la C\u00e1tedra de Taller Integrador ll, que conduce la Dra. Cristina Bosso en compa\u00f1\u00eda del equipo docente, la Dra Carolina Araujo; pertenecientes a la carrera de Filosof\u00eda de nuestra Facultad.<\/p>\n<p>En la bienvenida la Dra Bosso, sostuvo que la actividad ten\u00eda por finalidad compartir el proceso de ense\u00f1anza y aprendizaje de los y las estudiantes a lo largo de la cursada, en el contexto de pandemia y virtualidad. As\u00ed mismo, destac\u00f3 que la actividad mostraba ensayos escritos durante el cursado de la materia como respuesta al interrogante &#8220;\u00bfQu\u00e9 es la filosof\u00eda?&#8221;, y que esperaban exceder el \u00e1mbito de la Facultad para compartir en la sociedad el aporte para la vida de la filosof\u00eda.<\/p>\n<p>\u201cFilosof\u00eda ATR (a toda reflexi\u00f3n)\u201d se planifico en dos bloques de trabajo: \u201cEsp\u00edritus atormentados\u201d y \u201cEn caso de emergencia, rompa el vidrio con el martillo\u201d en los cuales se socializaron las producciones de los estudiantes: Diego Vargas Lozano, Macarena Mor\u00e1n Thomas, Carla Bel\u00e9n \u00c1vila, Esteban de la Torre y Lucia Sollazzi, Agustina Utrera Vargui, Martin Est\u00e9vez, Mar\u00eda Lourdes Garc\u00eda.<\/p>\n<p>A lo largo de las casi cuatro horas de extensi\u00f3n de la propuesta, los y las\u00a0 expositores\/as se predispusieron a responder las m\u00faltiples inquietudes de los y las presentes, quienes, a su vez, agradecieron el aporte de esas reflexiones que aspiraraban a pensar el aqu\u00ed y ahora de la filosof\u00eda para habitar el mundo de hoy.<\/p>\n<p>Por \u00faltimo, la C\u00e1tedra organizadora, en la persona de la Dra. Bosso, agradeci\u00f3 la presencia de estudiantes y asistentes \u201cestoy muy contenta de haber dedicado esta tarde a compartir estas reflexiones sobre la filosof\u00eda y alentar a que se acerquen y disfruten. Porque como ha aparecido aqu\u00ed en los trabajos hay una cuesti\u00f3n de placer y pasi\u00f3n por la filosof\u00eda\u201d. Por su parte, la Dra Araujo agradeci\u00f3 a quienes hab\u00edan colaborado con la organizaci\u00f3n y a los expositores: \u201cpor animarse a escribir en primera persona. \u00a1Es siempre un desaf\u00edo!\u201d concluy\u00f3.<\/p>\n<p><a href=\"https:\/\/www.facebook.com\/filount\/posts\/1342451659424037\" target=\"_blank\" rel=\"noopener noreferrer\">Ver fotos<\/a><\/p>\n","protected":false},"excerpt":{"rendered":"<p>El s\u00e1bado 7 se llev\u00f3 a cabo el conversatorio abierto \u201cFilosof\u00eda ATR (a toda reflexi\u00f3n)\u201d para reflexionar sobre la actividad filos\u00f3fica, y su utilidad en tiempos contempor\u00e1neos. La actividad, cont\u00f3 con la participaci\u00f3n de estudiantes, docentes y p\u00fablico en general, fue organizada por la C\u00e1tedra de Taller Integrador ll, que [&hellip;]<\/p>\n","protected":false},"author":3,"featured_media":6351,"comment_status":"closed","ping_status":"closed","sticky":false,"template":"","format":"standard","meta":{"footnotes":""},"categories":[8],"tags":[],"class_list":{"0":"post-6350","1":"post","2":"type-post","3":"status-publish","4":"format-standard","5":"has-post-thumbnail","6":"hentry","7":"category-eventos-academicos","9":"post-with-thumbnail","10":"post-with-thumbnail-large"},"_links":{"self":[{"href":"https:\/\/filo.unt.edu.ar\/noticias\/wp-json\/wp\/v2\/posts\/6350","targetHints":{"allow":["GET"]}}],"collection":[{"href":"https:\/\/filo.unt.edu.ar\/noticias\/wp-json\/wp\/v2\/posts"}],"about":[{"href":"https:\/\/filo.unt.edu.ar\/noticias\/wp-json\/wp\/v2\/types\/post"}],"author":[{"embeddable":true,"href":"https:\/\/filo.unt.edu.ar\/noticias\/wp-json\/wp\/v2\/users\/3"}],"replies":[{"embeddable":true,"href":"https:\/\/filo.unt.edu.ar\/noticias\/wp-json\/wp\/v2\/comments?post=6350"}],"version-history":[{"count":3,"href":"https:\/\/filo.unt.edu.ar\/noticias\/wp-json\/wp\/v2\/posts\/6350\/revisions"}],"predecessor-version":[{"id":6354,"href":"https:\/\/filo.unt.edu.ar\/noticias\/wp-json\/wp\/v2\/posts\/6350\/revisions\/6354"}],"wp:featuredmedia":[{"embeddable":true,"href":"https:\/\/filo.unt.edu.ar\/noticias\/wp-json\/wp\/v2\/media\/6351"}],"wp:attachment":[{"href":"https:\/\/filo.unt.edu.ar\/noticias\/wp-json\/wp\/v2\/media?parent=6350"}],"wp:term":[{"taxonomy":"category","embeddable":true,"href":"https:\/\/filo.unt.edu.ar\/noticias\/wp-json\/wp\/v2\/categories?post=6350"},{"taxonomy":"post_tag","embeddable":true,"href":"https:\/\/filo.unt.edu.ar\/noticias\/wp-json\/wp\/v2\/tags?post=6350"}],"curies":[{"name":"wp","href":"https:\/\/api.w.org\/{rel}","templated":true}]}}