{"id":6321,"date":"2020-11-23T20:04:15","date_gmt":"2020-11-23T23:04:15","guid":{"rendered":"http:\/\/filo.unt.edu.ar\/noticias\/?p=6321"},"modified":"2020-12-02T11:34:27","modified_gmt":"2020-12-02T14:34:27","slug":"nuevo-encuentro-del-cafe-literario-y-cultural-del-virla","status":"publish","type":"post","link":"https:\/\/filo.unt.edu.ar\/noticias\/2020\/11\/23\/nuevo-encuentro-del-cafe-literario-y-cultural-del-virla\/","title":{"rendered":"Nuevo encuentro del Caf\u00e9 literario y cultural del Virla"},"content":{"rendered":"<p>El s\u00e1bado 21 se llev\u00f3 a cabo el Caf\u00e9 Literario y Cultural del Virla.<br \/>\nA pesar de la virtualidad los participantes lograron crear el c\u00e1lido e \u00edntimo clima de los tradicionales encuentros.<\/p>\n<p>En esta oportunidad participaron Priscilla Hill, Facundo I\u00f1iguez, Loreley El Jaber, Graciela Batticuore, Silvia Castro, Washington Atencio, Stella Maris Ponce y, como invitada especial, Anah\u00ed Mallol.<\/p>\n<p>El evento fue presentado por Pablo Toblli y coordinado por el Dr. Guillermo Siles.<\/p>\n<p><a href=\"https:\/\/www.facebook.com\/media\/set?vanity=filount&amp;set=a.1353595008309702\" target=\"_blank\" rel=\"noopener noreferrer\">Ver fotos <\/a><\/p>\n","protected":false},"excerpt":{"rendered":"<p>El s\u00e1bado 21 se llev\u00f3 a cabo el Caf\u00e9 Literario y Cultural del Virla. A pesar de la virtualidad los participantes lograron crear el c\u00e1lido e \u00edntimo clima de los tradicionales encuentros. En esta oportunidad participaron Priscilla Hill, Facundo I\u00f1iguez, Loreley El Jaber, Graciela Batticuore, Silvia Castro, Washington Atencio, Stella [&hellip;]<\/p>\n","protected":false},"author":3,"featured_media":6323,"comment_status":"closed","ping_status":"closed","sticky":false,"template":"","format":"standard","meta":{"footnotes":""},"categories":[6],"tags":[],"class_list":{"0":"post-6321","1":"post","2":"type-post","3":"status-publish","4":"format-standard","5":"has-post-thumbnail","6":"hentry","7":"category-extension","9":"post-with-thumbnail","10":"post-with-thumbnail-large"},"_links":{"self":[{"href":"https:\/\/filo.unt.edu.ar\/noticias\/wp-json\/wp\/v2\/posts\/6321","targetHints":{"allow":["GET"]}}],"collection":[{"href":"https:\/\/filo.unt.edu.ar\/noticias\/wp-json\/wp\/v2\/posts"}],"about":[{"href":"https:\/\/filo.unt.edu.ar\/noticias\/wp-json\/wp\/v2\/types\/post"}],"author":[{"embeddable":true,"href":"https:\/\/filo.unt.edu.ar\/noticias\/wp-json\/wp\/v2\/users\/3"}],"replies":[{"embeddable":true,"href":"https:\/\/filo.unt.edu.ar\/noticias\/wp-json\/wp\/v2\/comments?post=6321"}],"version-history":[{"count":4,"href":"https:\/\/filo.unt.edu.ar\/noticias\/wp-json\/wp\/v2\/posts\/6321\/revisions"}],"predecessor-version":[{"id":6340,"href":"https:\/\/filo.unt.edu.ar\/noticias\/wp-json\/wp\/v2\/posts\/6321\/revisions\/6340"}],"wp:featuredmedia":[{"embeddable":true,"href":"https:\/\/filo.unt.edu.ar\/noticias\/wp-json\/wp\/v2\/media\/6323"}],"wp:attachment":[{"href":"https:\/\/filo.unt.edu.ar\/noticias\/wp-json\/wp\/v2\/media?parent=6321"}],"wp:term":[{"taxonomy":"category","embeddable":true,"href":"https:\/\/filo.unt.edu.ar\/noticias\/wp-json\/wp\/v2\/categories?post=6321"},{"taxonomy":"post_tag","embeddable":true,"href":"https:\/\/filo.unt.edu.ar\/noticias\/wp-json\/wp\/v2\/tags?post=6321"}],"curies":[{"name":"wp","href":"https:\/\/api.w.org\/{rel}","templated":true}]}}