{"id":6288,"date":"2020-11-09T12:03:06","date_gmt":"2020-11-09T15:03:06","guid":{"rendered":"http:\/\/filo.unt.edu.ar\/noticias\/?p=6288"},"modified":"2020-12-02T10:17:04","modified_gmt":"2020-12-02T13:17:04","slug":"cerro-el-ciclo-de-clases-abiertas-de-la-catedra-de-comunicacion-alternativa-unt","status":"publish","type":"post","link":"https:\/\/filo.unt.edu.ar\/noticias\/2020\/11\/09\/cerro-el-ciclo-de-clases-abiertas-de-la-catedra-de-comunicacion-alternativa-unt\/","title":{"rendered":"Cerr\u00f3 el Ciclo de Clases Abiertas de la C\u00e1tedra de Comunicaci\u00f3n Alternativa (UNT)"},"content":{"rendered":"<p>El 4 de Noviembre, la c\u00e1tedra de Comunicaci\u00f3n Alternativa realiz\u00f3 una charla sobre &#8220;Cibercolonizaci\u00f3n: la construcci\u00f3n del sentido com\u00fan en entornos digitales&#8221;, a cargo de Ariel Garbarz, ingeniero en Electr\u00f3nica y Telecomunicaciones, profesor en la UTN, UBA y UNLA, y Perito Consultor de la Justicia Federal.<\/p>\n<p>De esta manera, la c\u00e1tedra continu\u00f3 un ciclo de clases abiertas que tuvieron el objetivo de &#8220;abrir la puerta para ir a jugar con otros abordajes y con otras miradas. Oponerle a la pandemia el juego de saberes, de otros pareceres; aprovechar la virtualidad para establecer otras conexiones, otros v\u00ednculos y relaciones&#8221;, enfatiz\u00f3 la titular de la c\u00e1tedra, Tina Gardella.<\/p>\n<p>El tema del sentido com\u00fan abordado por el especialista es un tema que se reactualiza permanentemente y que tiene que ver con estos supuestos que regulan los v\u00ednculos de personas y grupos entre s\u00ed en la vida cotidiana, que se presentan como \u201cnatural\u201d y condicionan la toma de decisiones de todo tipo, no s\u00f3lo en elecciones sino en las estrategias de desestabilizaci\u00f3n de la democracia. Para ello, cuenta con el universo de las big data que tienen 4 caracter\u00edsticas primordiales y que las llama las \u201c4V\u201d: Volumen, Velocidad, Variedad y Verdad. Este sentido com\u00fan se construye desde interpelaciones emocionales m\u00e1s que racionales en una cultura que ha puesto a lo digital en el centro de un nuevo paradigma comunicacional.<\/p>\n<p>El invitado, analista de los dispositivos de alienaci\u00f3n y la recolonizaci\u00f3n de conciencias, hizo una interpelaci\u00f3n a la militancia popular a reflexionar sobre estos temas y sobre todo, a darles cauces organizativos.<\/p>\n<p>En la primera de estas charlas, Cynthia Ottaviano abord\u00f3 de qu\u00e9 manera la Comunicaci\u00f3n como Derecho Humano es el dispositivo a construir para generar condiciones de posibilidad de una ciudadan\u00eda comunicacional garante de una sociedad democr\u00e1tica. Luego, estuvo Natalia Aruguete, quien ayud\u00f3 a comprender la necesidad de que para tener cierta gubernamentabilidad de las redes sociales, hay que conocer sus l\u00f3gicas. Tambi\u00e9n acompa\u00f1aron Claudia Villamayor, Diego Jaimes, Esdenka Sandoval, Dar\u00edo Artiguenave y Ana Muller. Cada una, cada uno, dieron panoramas certeros a la hora de pensar en el eje comunicaci\u00f3n\/cultura\/educaci\u00f3n como un desaf\u00edo a descategorizar y desocultar saberes, pr\u00e1cticas y experiencias a la hora de traducir todas las epistemolog\u00edas en pol\u00edticas p\u00fablicas, m\u00e1s singulares en la universalidad y generalidad de toda propuesta pol\u00edtica.<\/p>\n<p><a href=\"https:\/\/www.facebook.com\/395127371312280\/videos\/825312264885508\/?__xts__%5B0%5D=68.ARAoXuX41esWUsPkFHjKeTAD_Hv-1howwdyMEooATJK3xS219kBjPRTPMMOzhCUsuZ5IDZb4wTnj4Pmeg9zUi8xj0eFB3ooLNSVM05ci_RWvZDRWUL9909M2k_Jj2bvQl7YUeUS1plbX5Q6HJOwcG1AsTFKbDkt2ynDfDYzJ5x6OnfEJ7ehBivN6BErJ-j-mTop6ydFo6jK-9i4x2RfrT5V2bCUrqsuckYrOxVA4SOpCiFlHHFt7w6IxeLZrrzWZujv_WC8KvYN2BDTMDEEWG_jxoWdbwl6bq2N6npOcdpdKB5w-AiwYJ6qcHzfVMi1I_Epjg9wi8XriuwwEZwfTWtFgezMXoLqtOIk&amp;__tn__=-R\" target=\"_blank\" rel=\"noopener noreferrer\"><strong><span style=\"text-decoration: underline\">Ver Video.-<\/span><\/strong><\/a><\/p>\n","protected":false},"excerpt":{"rendered":"<p>El 4 de Noviembre, la c\u00e1tedra de Comunicaci\u00f3n Alternativa realiz\u00f3 una charla sobre &#8220;Cibercolonizaci\u00f3n: la construcci\u00f3n del sentido com\u00fan en entornos digitales&#8221;, a cargo de Ariel Garbarz, ingeniero en Electr\u00f3nica y Telecomunicaciones, profesor en la UTN, UBA y UNLA, y Perito Consultor de la Justicia Federal. De esta manera, la [&hellip;]<\/p>\n","protected":false},"author":101021,"featured_media":6289,"comment_status":"closed","ping_status":"closed","sticky":false,"template":"","format":"standard","meta":{"footnotes":""},"categories":[8],"tags":[],"class_list":{"0":"post-6288","1":"post","2":"type-post","3":"status-publish","4":"format-standard","5":"has-post-thumbnail","6":"hentry","7":"category-eventos-academicos","9":"post-with-thumbnail","10":"post-with-thumbnail-large"},"_links":{"self":[{"href":"https:\/\/filo.unt.edu.ar\/noticias\/wp-json\/wp\/v2\/posts\/6288","targetHints":{"allow":["GET"]}}],"collection":[{"href":"https:\/\/filo.unt.edu.ar\/noticias\/wp-json\/wp\/v2\/posts"}],"about":[{"href":"https:\/\/filo.unt.edu.ar\/noticias\/wp-json\/wp\/v2\/types\/post"}],"author":[{"embeddable":true,"href":"https:\/\/filo.unt.edu.ar\/noticias\/wp-json\/wp\/v2\/users\/101021"}],"replies":[{"embeddable":true,"href":"https:\/\/filo.unt.edu.ar\/noticias\/wp-json\/wp\/v2\/comments?post=6288"}],"version-history":[{"count":3,"href":"https:\/\/filo.unt.edu.ar\/noticias\/wp-json\/wp\/v2\/posts\/6288\/revisions"}],"predecessor-version":[{"id":6328,"href":"https:\/\/filo.unt.edu.ar\/noticias\/wp-json\/wp\/v2\/posts\/6288\/revisions\/6328"}],"wp:featuredmedia":[{"embeddable":true,"href":"https:\/\/filo.unt.edu.ar\/noticias\/wp-json\/wp\/v2\/media\/6289"}],"wp:attachment":[{"href":"https:\/\/filo.unt.edu.ar\/noticias\/wp-json\/wp\/v2\/media?parent=6288"}],"wp:term":[{"taxonomy":"category","embeddable":true,"href":"https:\/\/filo.unt.edu.ar\/noticias\/wp-json\/wp\/v2\/categories?post=6288"},{"taxonomy":"post_tag","embeddable":true,"href":"https:\/\/filo.unt.edu.ar\/noticias\/wp-json\/wp\/v2\/tags?post=6288"}],"curies":[{"name":"wp","href":"https:\/\/api.w.org\/{rel}","templated":true}]}}