{"id":6100,"date":"2020-09-21T12:26:03","date_gmt":"2020-09-21T15:26:03","guid":{"rendered":"http:\/\/filo.unt.edu.ar\/noticias\/?p=6100"},"modified":"2020-09-25T13:41:52","modified_gmt":"2020-09-25T16:41:52","slug":"espacio-de-orientacion-para-estudiantes-de-plan-89-de-la-carrera-trabajo-social","status":"publish","type":"post","link":"https:\/\/filo.unt.edu.ar\/noticias\/2020\/09\/21\/espacio-de-orientacion-para-estudiantes-de-plan-89-de-la-carrera-trabajo-social\/","title":{"rendered":"Espacio de orientaci\u00f3n para estudiantes de plan \u00b489 de la carrera Trabajo Social"},"content":{"rendered":"\n<p>El jueves 17 de septiembre, el Instituto de Orientaci\u00f3n Vocacional y Educativa (iOVE) en forma conjunta con autoridades del Dpto. de Trabajo Social de nuestra Facultad, se reunieron con estudiantes del Plan 1989 de la Carrera Lic. en Trabajo social.<\/p>\n<div>\n<p>La conversaci\u00f3n en Meet, en la que estuvieron presentes 50 participantes, permiti\u00f3 escuchar de voz de estudiantes la situaci\u00f3n actualizada de sus procesos acad\u00e9micos; y se dej\u00f3 inaugurado el Espacio que ofrece el iOVE para orientar en aspectos de posicionamiento subjetivo vinculados a &#8220;Organizaci\u00f3n y definiciones del trabajo acad\u00e9mico en la virtualidad&#8221; en el particular tramo de sus trayectorias educativas. Ese espacio de orientaci\u00f3n constituye una estrategia m\u00e1s dentro del Plan de acompa\u00f1amiento que viene desarrollando el Departamento de Trabajo Social desde a\u00f1os anteriores.<\/p>\n<\/div>\n<div>\u00a0<\/div>\n<div><span style=\"text-decoration: underline\"><strong><a href=\"https:\/\/www.facebook.com\/pg\/filount\/photos\/?tab=album&amp;album_id=1300328150303055\" target=\"_blank\" rel=\"noopener noreferrer\">Ver Fotos.-<\/a><\/strong><\/span><\/div>\n","protected":false},"excerpt":{"rendered":"","protected":false},"author":101013,"featured_media":6101,"comment_status":"closed","ping_status":"closed","sticky":false,"template":"","format":"standard","meta":{"footnotes":""},"categories":[6],"tags":[],"class_list":{"0":"post-6100","1":"post","2":"type-post","3":"status-publish","4":"format-standard","5":"has-post-thumbnail","6":"hentry","7":"category-extension","9":"post-with-thumbnail","10":"post-with-thumbnail-large"},"_links":{"self":[{"href":"https:\/\/filo.unt.edu.ar\/noticias\/wp-json\/wp\/v2\/posts\/6100","targetHints":{"allow":["GET"]}}],"collection":[{"href":"https:\/\/filo.unt.edu.ar\/noticias\/wp-json\/wp\/v2\/posts"}],"about":[{"href":"https:\/\/filo.unt.edu.ar\/noticias\/wp-json\/wp\/v2\/types\/post"}],"author":[{"embeddable":true,"href":"https:\/\/filo.unt.edu.ar\/noticias\/wp-json\/wp\/v2\/users\/101013"}],"replies":[{"embeddable":true,"href":"https:\/\/filo.unt.edu.ar\/noticias\/wp-json\/wp\/v2\/comments?post=6100"}],"version-history":[{"count":5,"href":"https:\/\/filo.unt.edu.ar\/noticias\/wp-json\/wp\/v2\/posts\/6100\/revisions"}],"predecessor-version":[{"id":6107,"href":"https:\/\/filo.unt.edu.ar\/noticias\/wp-json\/wp\/v2\/posts\/6100\/revisions\/6107"}],"wp:featuredmedia":[{"embeddable":true,"href":"https:\/\/filo.unt.edu.ar\/noticias\/wp-json\/wp\/v2\/media\/6101"}],"wp:attachment":[{"href":"https:\/\/filo.unt.edu.ar\/noticias\/wp-json\/wp\/v2\/media?parent=6100"}],"wp:term":[{"taxonomy":"category","embeddable":true,"href":"https:\/\/filo.unt.edu.ar\/noticias\/wp-json\/wp\/v2\/categories?post=6100"},{"taxonomy":"post_tag","embeddable":true,"href":"https:\/\/filo.unt.edu.ar\/noticias\/wp-json\/wp\/v2\/tags?post=6100"}],"curies":[{"name":"wp","href":"https:\/\/api.w.org\/{rel}","templated":true}]}}