{"id":6069,"date":"2020-09-01T09:15:32","date_gmt":"2020-09-01T12:15:32","guid":{"rendered":"http:\/\/filo.unt.edu.ar\/noticias\/?p=6069"},"modified":"2020-09-04T15:01:56","modified_gmt":"2020-09-04T18:01:56","slug":"comenzo-un-ciclo-de-charlas-en-torno-a-temas-de-literatura-e-historia-espanolas","status":"publish","type":"post","link":"https:\/\/filo.unt.edu.ar\/noticias\/2020\/09\/01\/comenzo-un-ciclo-de-charlas-en-torno-a-temas-de-literatura-e-historia-espanolas\/","title":{"rendered":"Comenz\u00f3 un Ciclo de Charlas en torno a temas de literatura e historia espa\u00f1olas"},"content":{"rendered":"<p>El 31 de agosto se llev\u00f3 a cabo la Charla &#8220;Transgresoras y silenciadas: las mujeres de la Generaci\u00f3n del 27&#8221;, a cargo de la Dra. Susana Salim. La actividad es la primera de un Ciclo de Charlas en torno a temas de literatura e historia espa\u00f1olas organizado por el Instituto de Literatura Espa\u00f1ola (ILE) de nuestra Facultad.<\/p>\n<p>Desde el Instituto se\u00f1alaron, &#8220;en el actual contexto de pandemia que nos toca vivir, y de cara a los nuevos desaf\u00edos para el encuentro interpersonal y el intercambio acad\u00e9mico, el ILE<span class=\"text_exposed_show\"> abre una propuesta de extensi\u00f3n y di\u00e1logo cultural, con la participaci\u00f3n de miembros del Instituto de nuestra provincia y del extranjero. Creemos que se trata de una valiosa oportunidad para generar espacios institucionales alternativos de comunicaci\u00f3n y trabajo, en una apuesta conjunta por la promoci\u00f3n de la cultura, que es siempre una fuente de esperanza y de sentido en tiempos de crisis.&#8221;<\/span><\/p>\n<p>El cronograma contin\u00faa de la siguiente manera:<\/p>\n<p>* LUNES 14\/09 (18.00 hs.): \u201c<strong>Asedios a la ciudad moderna: un acercamiento ecocr\u00edtico a\u00a0<em>Poeta en Nueva York<\/em>\u00a0de Federico Garc\u00eda Lorca\u201d<\/strong>\u00a0&#8211; Dra. Silvia Tresgallo (M\u00e9xico)<\/p>\n<p>* LUNES 05\/10 (18.00 hs.):\u00a0<strong>&#8220;Aproximaciones a la construcci\u00f3n de la imagen p\u00fablica del poder en la Espa\u00f1a moderna&#8221;<\/strong>\u00a0&#8211; Dra. Lelia Garc\u00eda Calder\u00f3n (Argentina)<\/p>\n<p>* JUEVES 29\/10 (18.00 hs.):\u00a0<strong>&#8220;La poes\u00eda er\u00f3tica en la \u00f3rbita de Quevedo&#8221;<\/strong>\u00a0&#8211; Dra. Elena Pedicone (Argentina)<\/p>\n<p>La actividad es gratuita y est\u00e1 destinada al p\u00fablico en general, estudiantes, docentes y no docentes; y para inscribirse deben completar los formularios que se encuentran en el siguiente link: http:\/\/filo.unt.edu.ar\/blog\/2020\/09\/01\/charla-sobre-historia-literatura-espanola\/<\/p>\n<p><strong><span style=\"text-decoration: underline\"><a href=\"https:\/\/www.facebook.com\/pg\/filount\/photos\/?tab=album&amp;album_id=1281159412219929\" target=\"_blank\" rel=\"noopener noreferrer\">Ver Fotos.-<\/a><\/span><\/strong><\/p>\n","protected":false},"excerpt":{"rendered":"<p>El 31 de agosto se llev\u00f3 a cabo la Charla &#8220;Transgresoras y silenciadas: las mujeres de la Generaci\u00f3n del 27&#8221;, a cargo de la Dra. Susana Salim. La actividad es la primera de un Ciclo de Charlas en torno a temas de literatura e historia espa\u00f1olas organizado por el Instituto [&hellip;]<\/p>\n","protected":false},"author":101013,"featured_media":6070,"comment_status":"closed","ping_status":"closed","sticky":false,"template":"","format":"standard","meta":{"footnotes":""},"categories":[6],"tags":[],"class_list":{"0":"post-6069","1":"post","2":"type-post","3":"status-publish","4":"format-standard","5":"has-post-thumbnail","6":"hentry","7":"category-extension","9":"post-with-thumbnail","10":"post-with-thumbnail-large"},"_links":{"self":[{"href":"https:\/\/filo.unt.edu.ar\/noticias\/wp-json\/wp\/v2\/posts\/6069","targetHints":{"allow":["GET"]}}],"collection":[{"href":"https:\/\/filo.unt.edu.ar\/noticias\/wp-json\/wp\/v2\/posts"}],"about":[{"href":"https:\/\/filo.unt.edu.ar\/noticias\/wp-json\/wp\/v2\/types\/post"}],"author":[{"embeddable":true,"href":"https:\/\/filo.unt.edu.ar\/noticias\/wp-json\/wp\/v2\/users\/101013"}],"replies":[{"embeddable":true,"href":"https:\/\/filo.unt.edu.ar\/noticias\/wp-json\/wp\/v2\/comments?post=6069"}],"version-history":[{"count":3,"href":"https:\/\/filo.unt.edu.ar\/noticias\/wp-json\/wp\/v2\/posts\/6069\/revisions"}],"predecessor-version":[{"id":6108,"href":"https:\/\/filo.unt.edu.ar\/noticias\/wp-json\/wp\/v2\/posts\/6069\/revisions\/6108"}],"wp:featuredmedia":[{"embeddable":true,"href":"https:\/\/filo.unt.edu.ar\/noticias\/wp-json\/wp\/v2\/media\/6070"}],"wp:attachment":[{"href":"https:\/\/filo.unt.edu.ar\/noticias\/wp-json\/wp\/v2\/media?parent=6069"}],"wp:term":[{"taxonomy":"category","embeddable":true,"href":"https:\/\/filo.unt.edu.ar\/noticias\/wp-json\/wp\/v2\/categories?post=6069"},{"taxonomy":"post_tag","embeddable":true,"href":"https:\/\/filo.unt.edu.ar\/noticias\/wp-json\/wp\/v2\/tags?post=6069"}],"curies":[{"name":"wp","href":"https:\/\/api.w.org\/{rel}","templated":true}]}}