{"id":5838,"date":"2020-06-09T09:55:22","date_gmt":"2020-06-09T12:55:22","guid":{"rendered":"http:\/\/filo.unt.edu.ar\/noticias\/?p=5838"},"modified":"2020-06-10T10:03:10","modified_gmt":"2020-06-10T13:03:10","slug":"firma-de-acta-acuerdo-con-tafi-viejo-por-la-ley-micaela","status":"publish","type":"post","link":"https:\/\/filo.unt.edu.ar\/noticias\/2020\/06\/09\/firma-de-acta-acuerdo-con-tafi-viejo-por-la-ley-micaela\/","title":{"rendered":"Firma de Acta Acuerdo con Taf\u00ed Viejo por la Ley Micaela"},"content":{"rendered":"<p>El 8 de junio, el Vicedecano a cargo del Decanato de la Facultad de Filosof\u00eda y Letras, Mg. Santiago Bliss, firm\u00f3 un Acta Acuerdo con la Municipalidad de Taf\u00ed Viejo, representada por su Intendente, Dr. Javier Noguera, con el objetivo de desarrollar un proceso de capacitaci\u00f3n en g\u00e9nero y violencia de g\u00e9nero al personal municipal, en el marco de la Ley <a class=\"_58cn\" href=\"https:\/\/www.facebook.com\/hashtag\/micaela?source=feed_text&amp;epa=HASHTAG&amp;__xts__%5B0%5D=68.ARDRuaeFxHiZ85HvQujQB0NCXVeUfH9gyO5I7o8vRDLfzXJuInNUnYYIz72oMXeSzk5RVnj01CR7ONZm29qFai6KgpDjdwUm-jzeGOg8Jj82aA0YUqgPwpQt4QV-k-oT4PMDAZNhZCs6LR8oaGlXcRFNI9re3cjs3iJfFu0l_d4yVBkDEpLV_mAX4Vtev4sRpebuU4L0AUoQPshfILeNpqCBEodDdGqrRqrIEAIy_0t0cSt0c_a77r4tjLU1V9Cq0ubjiWjxthpUYnVFBg6hUVmRKr51sa5JBJzp-QNGX7IINvVLOcDDXmrpheI62DpbrzNZ-FrP4fZURMeNVAN6YWdbwLrrUZ7a0qNH-lTRWPON7YNLwDjriG-eVtmQ7jaizWy4iBT-I88Pn7IdxWL0yDXHKYkGYo4Izcvl4V7PHnVeGJfXxg1-_8koLMkXtvwjjmOV4-Dt7d2-eqoWvbus&amp;__tn__=%2ANK-R\" data-ft=\"{&quot;type&quot;:104,&quot;tn&quot;:&quot;*N&quot;}\"><span class=\"_5afx\"><span class=\"_58cl _5afz\" aria-label=\"hashtag\">#<\/span><span class=\"_58cm\">Micaela<\/span><\/span><\/a>. Apoy\u00f3 con su firma la Decana en uso de licencia y actual Directora Ejecutiva del Instituto Nacional de Formaci\u00f3n Docente -INFoD-, Dra. Mercedes Leal.<\/p>\n<div id=\"js_am\" class=\"_5pbx userContent _3576\" data-testid=\"post_message\" data-ft=\"{&quot;tn&quot;:&quot;K&quot;}\">\n<p>Se acord\u00f3 construir el dispositivo de capacitaci\u00f3n de forma conjunta con los profesionales de las \u00e1reas del gobierno local con incumbencia el abordaje de estas problem\u00e1ticas.<\/p>\n<p>Este acuerdo significa otro gran paso de nuestra Facultad, que pone en juego el conocimiento y la experiencia de docentes e investigadores\/as con trayectorias para aportar a la construcci\u00f3n de un Estado presente y comprometido con la prevenci\u00f3n y atenci\u00f3n de las violencias.<\/p>\n<\/div>\n<div class=\"_3x-2\" data-ft=\"{&quot;tn&quot;:&quot;H&quot;}\">\n<div data-ft=\"{&quot;tn&quot;:&quot;H&quot;}\">\n<div class=\"mtm\">\n<div class=\"_2a2q _65sr\">\n<div class=\"_17zx\"><a href=\"https:\/\/www.facebook.com\/media\/set\/?set=a.1210717689264102&amp;type=3&amp;__xts__%5B0%5D=68.ARDRuaeFxHiZ85HvQujQB0NCXVeUfH9gyO5I7o8vRDLfzXJuInNUnYYIz72oMXeSzk5RVnj01CR7ONZm29qFai6KgpDjdwUm-jzeGOg8Jj82aA0YUqgPwpQt4QV-k-oT4PMDAZNhZCs6LR8oaGlXcRFNI9re3cjs3iJfFu0l_d4yVBkDEpLV_mAX4Vtev4sRpebuU4L0AUoQPshfILeNpqCBEodDdGqrRqrIEAIy_0t0cSt0c_a77r4tjLU1V9Cq0ubjiWjxthpUYnVFBg6hUVmRKr51sa5JBJzp-QNGX7IINvVLOcDDXmrpheI62DpbrzNZ-FrP4fZURMeNVAN6YWdbwLrrUZ7a0qNH-lTRWPON7YNLwDjriG-eVtmQ7jaizWy4iBT-I88Pn7IdxWL0yDXHKYkGYo4Izcvl4V7PHnVeGJfXxg1-_8koLMkXtvwjjmOV4-Dt7d2-eqoWvbus&amp;__tn__=-UC-R\" target=\"_blank\" rel=\"noopener noreferrer\"><span style=\"text-decoration: underline\">Ver Fotos.-<\/span><\/a><\/div>\n<\/div>\n<\/div>\n<\/div>\n<\/div>\n\n\n<ul class=\"wp-block-gallery columns-2 is-cropped wp-block-gallery-1 is-layout-flex wp-block-gallery-is-layout-flex\"><li class=\"blocks-gallery-item\"><figure><img loading=\"lazy\" decoding=\"async\" width=\"1280\" height=\"853\" src=\"http:\/\/filo.unt.edu.ar\/noticias\/wp-content\/uploads\/sites\/74\/2020\/06\/Firma-Acta-Acuerdo-con-Taf\u00ec-Viejo-4-1.jpeg\" alt=\"\" data-id=\"5847\" data-link=\"http:\/\/filo.unt.edu.ar\/noticias\/2020\/06\/09\/firma-de-acta-acuerdo-con-tafi-viejo-por-la-ley-micaela\/firma-acta-acuerdo-con-tafi-viejo-4-1\/#main\" class=\"wp-image-5847\" srcset=\"https:\/\/filo.unt.edu.ar\/noticias\/wp-content\/uploads\/sites\/74\/2020\/06\/Firma-Acta-Acuerdo-con-Taf\u00ec-Viejo-4-1.jpeg 1280w, https:\/\/filo.unt.edu.ar\/noticias\/wp-content\/uploads\/sites\/74\/2020\/06\/Firma-Acta-Acuerdo-con-Taf\u00ec-Viejo-4-1-300x200.jpeg 300w, https:\/\/filo.unt.edu.ar\/noticias\/wp-content\/uploads\/sites\/74\/2020\/06\/Firma-Acta-Acuerdo-con-Taf\u00ec-Viejo-4-1-768x512.jpeg 768w, https:\/\/filo.unt.edu.ar\/noticias\/wp-content\/uploads\/sites\/74\/2020\/06\/Firma-Acta-Acuerdo-con-Taf\u00ec-Viejo-4-1-600x400.jpeg 600w, https:\/\/filo.unt.edu.ar\/noticias\/wp-content\/uploads\/sites\/74\/2020\/06\/Firma-Acta-Acuerdo-con-Taf\u00ec-Viejo-4-1-272x182.jpeg 272w\" sizes=\"auto, (max-width: 1280px) 100vw, 1280px\" \/><\/figure><\/li><li class=\"blocks-gallery-item\"><figure><img loading=\"lazy\" decoding=\"async\" width=\"1280\" height=\"853\" src=\"http:\/\/filo.unt.edu.ar\/noticias\/wp-content\/uploads\/sites\/74\/2020\/06\/Firma-Acta-Acuerdo-con-Taf\u00ec-Viejo-3-1.jpeg\" alt=\"\" data-id=\"5848\" data-link=\"http:\/\/filo.unt.edu.ar\/noticias\/2020\/06\/09\/firma-de-acta-acuerdo-con-tafi-viejo-por-la-ley-micaela\/firma-acta-acuerdo-con-tafi-viejo-3-1\/#main\" class=\"wp-image-5848\" srcset=\"https:\/\/filo.unt.edu.ar\/noticias\/wp-content\/uploads\/sites\/74\/2020\/06\/Firma-Acta-Acuerdo-con-Taf\u00ec-Viejo-3-1.jpeg 1280w, https:\/\/filo.unt.edu.ar\/noticias\/wp-content\/uploads\/sites\/74\/2020\/06\/Firma-Acta-Acuerdo-con-Taf\u00ec-Viejo-3-1-300x200.jpeg 300w, https:\/\/filo.unt.edu.ar\/noticias\/wp-content\/uploads\/sites\/74\/2020\/06\/Firma-Acta-Acuerdo-con-Taf\u00ec-Viejo-3-1-768x512.jpeg 768w, https:\/\/filo.unt.edu.ar\/noticias\/wp-content\/uploads\/sites\/74\/2020\/06\/Firma-Acta-Acuerdo-con-Taf\u00ec-Viejo-3-1-600x400.jpeg 600w, https:\/\/filo.unt.edu.ar\/noticias\/wp-content\/uploads\/sites\/74\/2020\/06\/Firma-Acta-Acuerdo-con-Taf\u00ec-Viejo-3-1-272x182.jpeg 272w\" sizes=\"auto, (max-width: 1280px) 100vw, 1280px\" \/><\/figure><\/li><\/ul>\n","protected":false},"excerpt":{"rendered":"<p>El 8 de junio, el Vicedecano a cargo del Decanato de la Facultad de Filosof\u00eda y Letras, Mg. Santiago Bliss, firm\u00f3 un Acta Acuerdo con la Municipalidad de Taf\u00ed Viejo, representada por su Intendente, Dr. Javier Noguera, con el objetivo de desarrollar un proceso de capacitaci\u00f3n en g\u00e9nero y violencia [&hellip;]<\/p>\n","protected":false},"author":101013,"featured_media":5840,"comment_status":"closed","ping_status":"closed","sticky":false,"template":"","format":"standard","meta":{"footnotes":""},"categories":[6,12],"tags":[],"class_list":{"0":"post-5838","1":"post","2":"type-post","3":"status-publish","4":"format-standard","5":"has-post-thumbnail","6":"hentry","7":"category-extension","8":"category-gestion","10":"post-with-thumbnail","11":"post-with-thumbnail-large"},"_links":{"self":[{"href":"https:\/\/filo.unt.edu.ar\/noticias\/wp-json\/wp\/v2\/posts\/5838","targetHints":{"allow":["GET"]}}],"collection":[{"href":"https:\/\/filo.unt.edu.ar\/noticias\/wp-json\/wp\/v2\/posts"}],"about":[{"href":"https:\/\/filo.unt.edu.ar\/noticias\/wp-json\/wp\/v2\/types\/post"}],"author":[{"embeddable":true,"href":"https:\/\/filo.unt.edu.ar\/noticias\/wp-json\/wp\/v2\/users\/101013"}],"replies":[{"embeddable":true,"href":"https:\/\/filo.unt.edu.ar\/noticias\/wp-json\/wp\/v2\/comments?post=5838"}],"version-history":[{"count":6,"href":"https:\/\/filo.unt.edu.ar\/noticias\/wp-json\/wp\/v2\/posts\/5838\/revisions"}],"predecessor-version":[{"id":5850,"href":"https:\/\/filo.unt.edu.ar\/noticias\/wp-json\/wp\/v2\/posts\/5838\/revisions\/5850"}],"wp:featuredmedia":[{"embeddable":true,"href":"https:\/\/filo.unt.edu.ar\/noticias\/wp-json\/wp\/v2\/media\/5840"}],"wp:attachment":[{"href":"https:\/\/filo.unt.edu.ar\/noticias\/wp-json\/wp\/v2\/media?parent=5838"}],"wp:term":[{"taxonomy":"category","embeddable":true,"href":"https:\/\/filo.unt.edu.ar\/noticias\/wp-json\/wp\/v2\/categories?post=5838"},{"taxonomy":"post_tag","embeddable":true,"href":"https:\/\/filo.unt.edu.ar\/noticias\/wp-json\/wp\/v2\/tags?post=5838"}],"curies":[{"name":"wp","href":"https:\/\/api.w.org\/{rel}","templated":true}]}}