{"id":573,"date":"2016-10-07T12:32:03","date_gmt":"2016-10-07T15:32:03","guid":{"rendered":"http:\/\/filo.unt.edu.ar\/noticias\/?p=573"},"modified":"2016-11-01T11:29:26","modified_gmt":"2016-11-01T14:29:26","slug":"salon-de-actos-renovado-y-lanzamiento-del-primer-proyecto-hacia-el-centenario-de-la-reforma-universitaria","status":"publish","type":"post","link":"https:\/\/filo.unt.edu.ar\/noticias\/2016\/10\/07\/salon-de-actos-renovado-y-lanzamiento-del-primer-proyecto-hacia-el-centenario-de-la-reforma-universitaria\/","title":{"rendered":"Sal\u00f3n de Actos renovado y lanzamiento del &#8220;Primer Proyecto hacia el Centenario de la Reforma Universitaria&#8221;"},"content":{"rendered":"<div id=\"pl-573\"  class=\"panel-layout\"><div id=\"pg-573-0\"  class=\"panel-grid panel-no-style\"><div id=\"pgc-573-0-0\"  class=\"panel-grid-cell\"><div id=\"panel-573-0-0-0\" class=\"so-panel widget widget_sow-editor panel-first-child panel-last-child\" data-index=\"0\"><div\n\t\t\t\n\t\t\tclass=\"so-widget-sow-editor so-widget-sow-editor-base\">\n<div class=\"siteorigin-widget-tinymce textwidget\">\n\t<p>La Facultad de Filosof\u00eda y Letras reinaugur\u00f3 su Sal\u00f3n de Actos tras la remodelaci\u00f3n y puesta en valor del mismo con el fin de establecer un espacio de propuestas culturales destinadas a la comunidad. La celebraci\u00f3n fue, adem\u00e1s, marco del lanzamiento del \u201cPrimer Proyecto hacia el Centenario de la Reforma Universitaria\u201d que se desarrollar\u00e1 en el transcurso de los pr\u00f3ximos dos a\u00f1os y del que participa un consorcio integrado por las Universidades Nacionales de C\u00f3rdoba, Rosario, Buenos Aires, Tucum\u00e1n, San Luis, Mar del Plata, del Litoral y del Nordeste.<br \/>\n<\/p><\/div><\/div><\/div><\/div><\/div><\/div><p><a class=\"more-link\" href=\"https:\/\/filo.unt.edu.ar\/noticias\/2016\/10\/07\/salon-de-actos-renovado-y-lanzamiento-del-primer-proyecto-hacia-el-centenario-de-la-reforma-universitaria\/\">Continuar leyendo<span class=\"meta-nav\">&rarr;<\/span><\/a><\/p>","protected":false},"excerpt":{"rendered":"<p>La Facultad de Filosof\u00eda y Letras reinaugur\u00f3 su Sal\u00f3n de Actos tras la remodelaci\u00f3n y puesta en valor del mismo con el fin de establecer un espacio de propuestas culturales destinadas a la comunidad. La celebraci\u00f3n fue, adem\u00e1s, marco del lanzamiento del \u201cPrimer Proyecto hacia el Centenario de la Reforma [&hellip;]<\/p>\n","protected":false},"author":101013,"featured_media":577,"comment_status":"closed","ping_status":"closed","sticky":false,"template":"","format":"standard","meta":{"footnotes":""},"categories":[8],"tags":[],"class_list":{"0":"post-573","1":"post","2":"type-post","3":"status-publish","4":"format-standard","5":"has-post-thumbnail","6":"hentry","7":"category-eventos-academicos","9":"post-with-thumbnail","10":"post-with-thumbnail-large"},"_links":{"self":[{"href":"https:\/\/filo.unt.edu.ar\/noticias\/wp-json\/wp\/v2\/posts\/573","targetHints":{"allow":["GET"]}}],"collection":[{"href":"https:\/\/filo.unt.edu.ar\/noticias\/wp-json\/wp\/v2\/posts"}],"about":[{"href":"https:\/\/filo.unt.edu.ar\/noticias\/wp-json\/wp\/v2\/types\/post"}],"author":[{"embeddable":true,"href":"https:\/\/filo.unt.edu.ar\/noticias\/wp-json\/wp\/v2\/users\/101013"}],"replies":[{"embeddable":true,"href":"https:\/\/filo.unt.edu.ar\/noticias\/wp-json\/wp\/v2\/comments?post=573"}],"version-history":[{"count":11,"href":"https:\/\/filo.unt.edu.ar\/noticias\/wp-json\/wp\/v2\/posts\/573\/revisions"}],"predecessor-version":[{"id":789,"href":"https:\/\/filo.unt.edu.ar\/noticias\/wp-json\/wp\/v2\/posts\/573\/revisions\/789"}],"wp:featuredmedia":[{"embeddable":true,"href":"https:\/\/filo.unt.edu.ar\/noticias\/wp-json\/wp\/v2\/media\/577"}],"wp:attachment":[{"href":"https:\/\/filo.unt.edu.ar\/noticias\/wp-json\/wp\/v2\/media?parent=573"}],"wp:term":[{"taxonomy":"category","embeddable":true,"href":"https:\/\/filo.unt.edu.ar\/noticias\/wp-json\/wp\/v2\/categories?post=573"},{"taxonomy":"post_tag","embeddable":true,"href":"https:\/\/filo.unt.edu.ar\/noticias\/wp-json\/wp\/v2\/tags?post=573"}],"curies":[{"name":"wp","href":"https:\/\/api.w.org\/{rel}","templated":true}]}}