{"id":5649,"date":"2019-12-04T13:02:59","date_gmt":"2019-12-04T16:02:59","guid":{"rendered":"http:\/\/filo.unt.edu.ar\/noticias\/?p=5649"},"modified":"2019-12-19T11:28:51","modified_gmt":"2019-12-19T14:28:51","slug":"examenes-cils-en-filosofia-y-letras","status":"publish","type":"post","link":"https:\/\/filo.unt.edu.ar\/noticias\/2019\/12\/04\/examenes-cils-en-filosofia-y-letras\/","title":{"rendered":"Ex\u00e1menes CILS en Filosof\u00eda y Letras"},"content":{"rendered":"<p>La Facultad de Filosof\u00eda y Letras funciona como sede para la Certificaci\u00f3n del Italiano gracias a un convenio con la Universit\u00e0 per Stranieri di Siena, firmado por ambas universidades el 19 de mayo de 2016.\u00a0En este marco, el martes 3 de diciembre las Dras. Elena Victoria Acevedo y Mar\u00eda del Carmen Pil\u00e1n, procedieron a la toma de ex\u00e1menes CILS.<\/p>\n<p>La Facultad se ha constituido en referente y sede de los ex\u00e1menes CILS como parte de las actividades institucionales de promoci\u00f3n de la Certificaci\u00f3n del italiano como lengua extranjera.<\/p>\n<p>Quienes est\u00e1n interesados en rendir los ex\u00e1menes pueden consultar la p\u00e1gina https:\/\/cils.unistrasi.it\/. Y por informes sobre fechas de ex\u00e1menes y charlas informativas sobre los mismos pueden dirigirse a Lenguas para la comunidad: lenguas.comunidad@filo.unt.edu.ar.<\/p>\n\n","protected":false},"excerpt":{"rendered":"<p>La Facultad de Filosof\u00eda y Letras funciona como sede para la Certificaci\u00f3n del Italiano gracias a un convenio con la Universit\u00e0 per Stranieri di Siena, firmado por ambas universidades el 19 de mayo de 2016.\u00a0En este marco, el martes 3 de diciembre las Dras. Elena Victoria Acevedo y Mar\u00eda del [&hellip;]<\/p>\n","protected":false},"author":3,"featured_media":5650,"comment_status":"closed","ping_status":"closed","sticky":false,"template":"","format":"standard","meta":{"footnotes":""},"categories":[6],"tags":[],"class_list":{"0":"post-5649","1":"post","2":"type-post","3":"status-publish","4":"format-standard","5":"has-post-thumbnail","6":"hentry","7":"category-extension","9":"post-with-thumbnail","10":"post-with-thumbnail-large"},"_links":{"self":[{"href":"https:\/\/filo.unt.edu.ar\/noticias\/wp-json\/wp\/v2\/posts\/5649","targetHints":{"allow":["GET"]}}],"collection":[{"href":"https:\/\/filo.unt.edu.ar\/noticias\/wp-json\/wp\/v2\/posts"}],"about":[{"href":"https:\/\/filo.unt.edu.ar\/noticias\/wp-json\/wp\/v2\/types\/post"}],"author":[{"embeddable":true,"href":"https:\/\/filo.unt.edu.ar\/noticias\/wp-json\/wp\/v2\/users\/3"}],"replies":[{"embeddable":true,"href":"https:\/\/filo.unt.edu.ar\/noticias\/wp-json\/wp\/v2\/comments?post=5649"}],"version-history":[{"count":4,"href":"https:\/\/filo.unt.edu.ar\/noticias\/wp-json\/wp\/v2\/posts\/5649\/revisions"}],"predecessor-version":[{"id":5676,"href":"https:\/\/filo.unt.edu.ar\/noticias\/wp-json\/wp\/v2\/posts\/5649\/revisions\/5676"}],"wp:featuredmedia":[{"embeddable":true,"href":"https:\/\/filo.unt.edu.ar\/noticias\/wp-json\/wp\/v2\/media\/5650"}],"wp:attachment":[{"href":"https:\/\/filo.unt.edu.ar\/noticias\/wp-json\/wp\/v2\/media?parent=5649"}],"wp:term":[{"taxonomy":"category","embeddable":true,"href":"https:\/\/filo.unt.edu.ar\/noticias\/wp-json\/wp\/v2\/categories?post=5649"},{"taxonomy":"post_tag","embeddable":true,"href":"https:\/\/filo.unt.edu.ar\/noticias\/wp-json\/wp\/v2\/tags?post=5649"}],"curies":[{"name":"wp","href":"https:\/\/api.w.org\/{rel}","templated":true}]}}