{"id":5618,"date":"2019-11-16T00:36:52","date_gmt":"2019-11-16T03:36:52","guid":{"rendered":"http:\/\/filo.unt.edu.ar\/noticias\/?p=5618"},"modified":"2019-12-04T12:20:13","modified_gmt":"2019-12-04T15:20:13","slug":"v-jornadas-regionales-de-estudiantes-de-geografia","status":"publish","type":"post","link":"https:\/\/filo.unt.edu.ar\/noticias\/2019\/11\/16\/v-jornadas-regionales-de-estudiantes-de-geografia\/","title":{"rendered":"V Jornadas Regionales de Estudiantes de Geograf\u00eda"},"content":{"rendered":"<p>El jueves 14 se inauguraron las V\u00b0 Jornadas Regionales de Estudiantes de Geograf\u00eda &#8220;Hacia la construcci\u00f3n de una Geograf\u00eda Cr\u00edtica desde Am\u00e9rica Latina&#8221;, destinada a estudiantes de las Instituciones secundarias, universitarias y terciarias de formaci\u00f3n docente, de gesti\u00f3n p\u00fablica o privada.<\/p>\n<p>La conferencia inaugural estuvo a cargo del Prof. Pedro Ra\u00fal Valdez que disert\u00f3 sobre los \u201cDesaf\u00edos de la gesti\u00f3n territorial de las \u00e1reas naturales protegidas en Tucum\u00e1n&#8221;. Tema sobre el que giraron varias de los trabajos presentados a lo largo de la Jornada.<\/p>\n<p>Otras tem\u00e1ticas abordadas fueron la situaci\u00f3n del arbolado urbano en San Miguel de Tucum\u00e1n, las deformaciones en Proyecciones Acimutales: Posici\u00f3n Polar de zona continental y sector ant\u00e1rtico argentino, la pobreza y el rendimiento acad\u00e9mico en los estudiantes de la escuela media, los problemas ambientales generados por la urbanizaci\u00f3n en el Piedemonte de la Sierra de San Javier, entre otros.<\/p>\n<p>Durante la tarde, se realiz\u00f3 la Radio Abierta \u201cRadio Diversidad\u201d, a cargo de Santiago Romero y Nicole Florencia Luna, estudiantes de la carrera Licenciatura en Ciencias de la Comunicaci\u00f3n. Participaron en ella docentes de la carrera de Geograf\u00eda y tuvo como invitado especial a Fabio Joaqu\u00edn Navarro, estudiante del Profesorado de Geograf\u00eda quien fuera Coordinador General de las IV Jornadas Regionales de Estudiantes de Geograf\u00eda.<\/p>\n<p>Para cerrar la Jornada la Prof Liliana Ragone ofreci\u00f3 la Conferencia \u201cGeograf\u00eda: razones que justifican su ense\u00f1anza en el mundo por vernir.<\/p>\n<p><a href=\"https:\/\/www.facebook.com\/pg\/filount\/photos\/?tab=album&amp;album_id=1036905563311983\" target=\"_blank\" rel=\"noopener noreferrer\">VER FOTOS<\/a><\/p>\n","protected":false},"excerpt":{"rendered":"<p>El jueves 14 se inauguraron las V\u00b0 Jornadas Regionales de Estudiantes de Geograf\u00eda &#8220;Hacia la construcci\u00f3n de una Geograf\u00eda Cr\u00edtica desde Am\u00e9rica Latina&#8221;, destinada a estudiantes de las Instituciones secundarias, universitarias y terciarias de formaci\u00f3n docente, de gesti\u00f3n p\u00fablica o privada. La conferencia inaugural estuvo a cargo del Prof. Pedro [&hellip;]<\/p>\n","protected":false},"author":3,"featured_media":5619,"comment_status":"closed","ping_status":"closed","sticky":false,"template":"","format":"standard","meta":{"footnotes":""},"categories":[8],"tags":[],"class_list":{"0":"post-5618","1":"post","2":"type-post","3":"status-publish","4":"format-standard","5":"has-post-thumbnail","6":"hentry","7":"category-eventos-academicos","9":"post-with-thumbnail","10":"post-with-thumbnail-large"},"_links":{"self":[{"href":"https:\/\/filo.unt.edu.ar\/noticias\/wp-json\/wp\/v2\/posts\/5618","targetHints":{"allow":["GET"]}}],"collection":[{"href":"https:\/\/filo.unt.edu.ar\/noticias\/wp-json\/wp\/v2\/posts"}],"about":[{"href":"https:\/\/filo.unt.edu.ar\/noticias\/wp-json\/wp\/v2\/types\/post"}],"author":[{"embeddable":true,"href":"https:\/\/filo.unt.edu.ar\/noticias\/wp-json\/wp\/v2\/users\/3"}],"replies":[{"embeddable":true,"href":"https:\/\/filo.unt.edu.ar\/noticias\/wp-json\/wp\/v2\/comments?post=5618"}],"version-history":[{"count":5,"href":"https:\/\/filo.unt.edu.ar\/noticias\/wp-json\/wp\/v2\/posts\/5618\/revisions"}],"predecessor-version":[{"id":5629,"href":"https:\/\/filo.unt.edu.ar\/noticias\/wp-json\/wp\/v2\/posts\/5618\/revisions\/5629"}],"wp:featuredmedia":[{"embeddable":true,"href":"https:\/\/filo.unt.edu.ar\/noticias\/wp-json\/wp\/v2\/media\/5619"}],"wp:attachment":[{"href":"https:\/\/filo.unt.edu.ar\/noticias\/wp-json\/wp\/v2\/media?parent=5618"}],"wp:term":[{"taxonomy":"category","embeddable":true,"href":"https:\/\/filo.unt.edu.ar\/noticias\/wp-json\/wp\/v2\/categories?post=5618"},{"taxonomy":"post_tag","embeddable":true,"href":"https:\/\/filo.unt.edu.ar\/noticias\/wp-json\/wp\/v2\/tags?post=5618"}],"curies":[{"name":"wp","href":"https:\/\/api.w.org\/{rel}","templated":true}]}}